{"id":17256,"date":"2021-12-07T20:29:48","date_gmt":"2021-12-07T20:29:48","guid":{"rendered":"https:\/\/www.alcaldesdemexico.com\/revista\/?p=17256"},"modified":"2021-12-08T22:30:52","modified_gmt":"2021-12-08T22:30:52","slug":"didi-referente-de-movilidad-segura","status":"publish","type":"post","link":"https:\/\/www.alcaldesdemexico.com\/revista\/innovacion\/didi-referente-de-movilidad-segura\/","title":{"rendered":"DiDi, referente de movilidad segura"},"content":{"rendered":"\n\n[et_pb_section fb_built=\"1\" _builder_version=\"4.4.2\" width=\"100%\" width_tablet=\"\" width_phone=\"100%\" width_last_edited=\"on|phone\" max_width=\"100%\" module_alignment=\"center\" custom_margin=\"||56px|||\" border_color_all=\"#e9ebdd\"][et_pb_row _builder_version=\"4.4.2\"][et_pb_column type=\"4_4\" _builder_version=\"4.4.2\"][et_pb_code _builder_version=\"4.4.2\"]<script type=\"text\/javascript\"><!-- [et_pb_line_break_holder] -->\t(function($){<!-- [et_pb_line_break_holder] -->\t$(document).ready(function() {<!-- [et_pb_line_break_holder] -->\t  $( '#videopopup a' ).addClass('popup-video');<!-- [et_pb_line_break_holder] -->\t    $('.popup-video').magnificPopup({<!-- [et_pb_line_break_holder] -->\t        disableOn: 100,<!-- [et_pb_line_break_holder] -->\t        type: 'iframe',<!-- [et_pb_line_break_holder] -->\t        mainClass: 'mfp-fade',<!-- [et_pb_line_break_holder] -->\t        removalDelay: 160,<!-- [et_pb_line_break_holder] -->\t        preloader: false,<!-- [et_pb_line_break_holder] -->\t        fixedContentPos: false<!-- [et_pb_line_break_holder] -->\t    });<!-- [et_pb_line_break_holder] -->\t});<!-- [et_pb_line_break_holder] -->\t})(jQuery)<!-- [et_pb_line_break_holder] --><\/script>[\/et_pb_code][\/et_pb_column][\/et_pb_row][et_pb_row column_structure=\"1_2,1_4,1_4\" use_custom_gutter=\"on\" gutter_width=\"1\" make_equal=\"on\" _builder_version=\"4.4.2\" width=\"100%\"][et_pb_column type=\"1_2\" _builder_version=\"4.4.2\"][et_pb_image src=\"https:\/\/www.alcaldesdemexico.com\/revista\/wp-content\/uploads\/2021\/12\/didi.jpg\" align=\"center\" _builder_version=\"4.4.2\" width=\"60%\"][\/et_pb_image][\/et_pb_column][et_pb_column type=\"1_4\" _builder_version=\"4.4.2\"][et_pb_image src=\"https:\/\/www.alcaldesdemexico.com\/revista\/wp-content\/uploads\/2021\/12\/didi1.jpg\" align=\"center\" _builder_version=\"4.4.2\" width=\"66%\" max_width=\"74%\"][\/et_pb_image][\/et_pb_column][et_pb_column type=\"1_4\" _builder_version=\"4.4.2\"][et_pb_image src=\"https:\/\/www.alcaldesdemexico.com\/revista\/wp-content\/uploads\/2021\/12\/didi2.jpg\" align=\"center\" force_fullwidth=\"on\" _builder_version=\"4.4.2\"][\/et_pb_image][\/et_pb_column][\/et_pb_row][et_pb_row _builder_version=\"4.4.2\" width=\"100%\" width_tablet=\"\" width_phone=\"\" width_last_edited=\"on|desktop\" max_width=\"2560px\" module_alignment=\"center\" min_height=\"308px\" custom_margin=\"|||118px|false|false\" custom_padding=\"||4px||false|false\"][et_pb_column type=\"4_4\" _builder_version=\"4.4.2\"][et_pb_code _builder_version=\"4.4.2\"]<script type=\"text\/javascript\"><!-- [et_pb_line_break_holder] -->\t(function($){<!-- [et_pb_line_break_holder] -->\t$(document).ready(function() {<!-- [et_pb_line_break_holder] -->\t  $( '#videopopup a' ).addClass('popup-video');<!-- [et_pb_line_break_holder] -->\t    $('.popup-video').magnificPopup({<!-- [et_pb_line_break_holder] -->\t        disableOn: 100,<!-- [et_pb_line_break_holder] -->\t        type: 'iframe',<!-- [et_pb_line_break_holder] -->\t        mainClass: 'mfp-fade',<!-- [et_pb_line_break_holder] -->\t        removalDelay: 160,<!-- [et_pb_line_break_holder] -->\t        preloader: false,<!-- [et_pb_line_break_holder] -->\t        fixedContentPos: false<!-- [et_pb_line_break_holder] -->\t    });<!-- [et_pb_line_break_holder] -->\t});<!-- [et_pb_line_break_holder] -->\t})(jQuery)<!-- [et_pb_line_break_holder] --><\/script>[\/et_pb_code][et_pb_text _builder_version=\"4.4.2\" text_text_color=\"#ffffff\" header_font=\"Roboto|900|||||||\" header_text_align=\"center\" header_text_color=\"#ffffff\" header_font_size=\"67px\" header_2_font=\"Roboto|100|on||||||\" header_2_text_align=\"center\" background_color=\"#f68e54\" custom_margin=\"0px||||false|false\" custom_padding=\"17px|2px||7px|false|false\" text_font_size_tablet=\"\" text_font_size_phone=\"\" text_font_size_last_edited=\"on|desktop\" header_font_size_tablet=\"53px\" header_font_size_phone=\"35px\" header_font_size_last_edited=\"on|phone\" header_2_font_size_tablet=\"\" header_2_font_size_phone=\"\" header_2_font_size_last_edited=\"on|desktop\"]<h1 style=\"text-align: center;\"><span>DiDi, referente de movilidad segura<\/span><\/h1>\n&nbsp;[\/et_pb_text][et_pb_text _builder_version=\"4.4.2\" text_font=\"Roboto|300|||||||\" text_font_size=\"22px\" text_letter_spacing=\"1px\" text_line_height=\"1.8em\" header_text_align=\"center\" header_text_color=\"#628d3c\" header_font_size=\"64px\" header_2_font=\"Roboto|100|on||||||\" header_2_text_align=\"center\" z_index=\"57\" width=\"100%\" module_alignment=\"center\" custom_margin=\"0px||||false|false\" custom_padding=\"0px||0px|||\" text_font_size_tablet=\"\" text_font_size_phone=\"\" text_font_size_last_edited=\"on|phone\" header_font_size_tablet=\"33px\" header_font_size_phone=\"35px\" header_font_size_last_edited=\"on|phone\" header_2_font_size_tablet=\"\" header_2_font_size_phone=\"\" header_2_font_size_last_edited=\"on|desktop\" inline_fonts=\"Abhaya Libre\"]<p style=\"text-align: center;\"><em>La plataforma cuenta con tecnolog\u00eda inteligente para vincularse a los servicios de seguridad locales (C4 y C5) para seguimiento y atenci\u00f3n a incidentes<\/em><\/p>[\/et_pb_text][\/et_pb_column][\/et_pb_row][et_pb_row _builder_version=\"4.4.2\"][et_pb_column type=\"4_4\" _builder_version=\"4.4.2\"][et_pb_audio audio=\"https:\/\/www.alcaldesdemexico.com\/revista\/wp-content\/uploads\/2021\/12\/Podcast-Publireportaje-DIDI-diciembre.mp3\" title=\"Escucha el Podcast\" artist_name=\"Alcaldes de M\u00e9xico\" _builder_version=\"4.4.2\" background_color=\"#f68e54\"][\/et_pb_audio][\/et_pb_column][\/et_pb_row][et_pb_row _builder_version=\"4.4.2\"][et_pb_column type=\"4_4\" _builder_version=\"4.4.2\"][et_pb_text _builder_version=\"4.4.2\" text_font=\"Roboto|300|||||||\" text_font_size=\"22px\" text_letter_spacing=\"1px\" text_line_height=\"1.8em\" header_text_align=\"center\" header_text_color=\"#628d3c\" header_font_size=\"64px\" header_2_font=\"Roboto|100|on||||||\" header_2_text_align=\"center\" z_index=\"57\" width=\"100%\" module_alignment=\"center\" custom_margin=\"0px||||false|false\" custom_padding=\"0px||0px|||\" text_font_size_tablet=\"\" text_font_size_phone=\"\" text_font_size_last_edited=\"on|phone\" header_font_size_tablet=\"33px\" header_font_size_phone=\"35px\" header_font_size_last_edited=\"on|phone\" header_2_font_size_tablet=\"\" header_2_font_size_phone=\"\" header_2_font_size_last_edited=\"on|desktop\" inline_fonts=\"Abhaya Libre\"]<p>DiDi es la primera plataforma en plantear una alianza por la seguridad con la Secretar\u00eda de Seguridad y establecer la conexi\u00f3n con el C5 del Estado de M\u00e9xico; adem\u00e1s de las acciones que han llevado a cabo con las autoridades de Jalisco.<\/p>\n<p>Asimismo, esta conexi\u00f3n al C5 se suma a la expansi\u00f3n nacional de DiDi Mujer, funci\u00f3n dise\u00f1ada para que las conductoras reciban viajes exclusivamente de mujeres.<\/p>[\/et_pb_text][\/et_pb_column][\/et_pb_row][et_pb_row column_structure=\"1_2,1_2\" _builder_version=\"4.4.2\"][et_pb_column type=\"1_2\" _builder_version=\"4.4.2\"][et_pb_text _builder_version=\"4.4.2\" text_font=\"Roboto|300|||||||\" text_font_size=\"22px\" text_letter_spacing=\"1px\" text_line_height=\"1.8em\" header_text_align=\"center\" header_text_color=\"#628d3c\" header_font_size=\"64px\" header_2_font=\"Roboto|100|on||||||\" header_2_text_align=\"center\" z_index=\"57\" width=\"100%\" module_alignment=\"center\" custom_margin=\"0px||||false|false\" custom_padding=\"0px||0px|||\" text_font_size_tablet=\"\" text_font_size_phone=\"\" text_font_size_last_edited=\"on|phone\" header_font_size_tablet=\"33px\" header_font_size_phone=\"35px\" header_font_size_last_edited=\"on|phone\" header_2_font_size_tablet=\"\" header_2_font_size_phone=\"\" header_2_font_size_last_edited=\"on|desktop\"]<p>En entrevista con Alcaldes de M\u00e9xico, Tonatiuh Anzures, Director de Relaciones con Gobierno y Pol\u00edticas P\u00fablicas de DiDi M\u00e9xico, comenta que la seguridad de usuarios y conductores es tema de prioridad para la empresa. \u201cNos interesa siempre estar muy claros en que tenemos que ofrecer esa certidumbre a nuestros usuarios, a los pasajeros, y especialmente a nuestras pasajeras y conductoras. Tenemos el reconocimiento facial para escanear el rostro antes de iniciar sesi\u00f3n, y con eso evitar que haya perfiles falsos. Aunado a ello, contamos con una herramienta para grabar el audio durante los viajes\u201d.<\/p>\n<p>Si se llegara a requerir rescatar dicho audio, explica, se tiene de primera impresi\u00f3n lo que est\u00e1 sucediendo en el veh\u00edculo. Esta es informaci\u00f3n resguardada en nubes seguras que solo se canaliza con las autoridades competentes si as\u00ed se requiere.<\/p>[\/et_pb_text][\/et_pb_column][et_pb_column type=\"1_2\" _builder_version=\"4.4.2\"][et_pb_text _builder_version=\"4.4.2\" module_alignment=\"center\" inline_fonts=\"Roboto\"]<div class=\"hover-bio-wrapper\">\n<div class=\"hover-bio\">\n<figure class=\"hover-bio\" style=\"text-align: center;\"><img loading=\"lazy\" decoding=\"async\" src=\"https:\/\/www.alcaldesdemexico.com\/revista\/wp-content\/uploads\/2021\/12\/tonatiuh.jpg\" alt=\"\" class=\"wp-image-1319 aligncenter size-full\" width=\"642\" height=\"789\" \/>\n\n&nbsp;\n\n;\n\n<figcaption>\n<p style=\"text-align: center; font-size: large;\"><span><strong>Tonatiuh Anzures<\/strong><\/span>\n<span style=\"font-family: Roboto; font-weight: normal; font-size: small;\">Director de Relaciones con Gobierno y Pol\u00edticas P\u00fablicas\nde DiDi M\u00e9xico<\/span><\/p>\n\n<\/figcaption>\n<\/figure><\/div>\n<\/div>[\/et_pb_text][\/et_pb_column][\/et_pb_row][et_pb_row _builder_version=\"4.4.2\" custom_padding=\"0px||0px|||\"][et_pb_column type=\"4_4\" _builder_version=\"4.4.2\"][et_pb_text _builder_version=\"4.4.2\" text_font=\"Roboto|300|||||||\" text_font_size=\"22px\" text_letter_spacing=\"1px\" text_line_height=\"1.8em\" header_text_align=\"center\" header_text_color=\"#628d3c\" header_font_size=\"64px\" header_2_font=\"Roboto|100|on||||||\" header_2_text_align=\"center\" z_index=\"57\" width=\"100%\" module_alignment=\"center\" custom_margin=\"0px||||false|false\" custom_padding=\"0px||0px|||\" text_font_size_tablet=\"\" text_font_size_phone=\"\" text_font_size_last_edited=\"on|phone\" header_font_size_tablet=\"33px\" header_font_size_phone=\"35px\" header_font_size_last_edited=\"on|phone\" header_2_font_size_tablet=\"\" header_2_font_size_phone=\"\" header_2_font_size_last_edited=\"on|desktop\"]<p>La conexi\u00f3n a los centros de seguridad C5 se\u00f1ala el ejecutivo de DiDi, brindar\u00e1 mayor seguridad a los conductores y pasajeros que utilizan la plataforma, con acciones de prevenci\u00f3n, monitoreo en tiempo real y reacci\u00f3n inmediata de la mano de las autoridades.<\/p>\n<p>\u201cSe ha logrado la prevenci\u00f3n del delito e identificaci\u00f3n de veh\u00edculos robados, incluso, se han recuperado unidades e identificado a potenciales criminales. Es as\u00ed como se refuerza el Centro de Seguridad de DiDi, al generar convenios de colaboraci\u00f3n ganarganar con las autoridades que permitan trabajar en conjunto en el caso de incidentes, sobre todo en zonas de potencial mayor riesgo\u201d, sostiene.<\/p>\n<p>En ese orden de ideas, explica que el Soporte DiDi opera en dos vertientes: una para atender quejas o, por ejemplo, incidentes menores, como el olvido de alg\u00fan art\u00edculo en el auto, y la otra, que se encarga de recibir y filtrar las llamadas de emergencia de gobierno, para que no reciban llamadas falsas.<\/p>\n<p><strong>MEJOR SINCRON\u00cdA DE SEM\u00c1FOROS<\/strong><\/p>\n<p>Tonatiuh Anzures comenta que tienen entre sus planes traer una soluci\u00f3n desde la oficina matriz en China, que consiste en mejorar la sincronizaci\u00f3n de los sem\u00e1foros, sobre todo, en arterias conflictivas de grandes ciudades. \u201c\u00c9se es nuestro valor agregado que nos diferencia y para lograr nuestra misi\u00f3n: Mejorar la movilidad en las comunidades donde operamos\u201d.<\/p>\n<p>Para finalizar, a\u00f1ade: \u201cDiDi es una evidencia de que se puede gestionar tecnolog\u00eda en materia de movilidad, se pueden conseguir acuerdos transparentes y en enfoques de colaboraci\u00f3n ganar-ganar, donde cumplamos con nuestros objetivos y, al mismo tiempo, agregar valor a las comunidades con una mejor movilidad\u201d.<\/p>\n<p>\u201cLlegar a donde el transporte es insuficiente y mejorar la movilidad de toda una urbe con herramientas inteligentes. El mensaje que nos gustar\u00eda mandar es que en DiDi estamos abiertos a ofrecer nuestros servicios para potenciar la digitalizaci\u00f3n de la movilidad en el territorio mexicano\u201d.<\/p>\n<p>&nbsp;<\/p>[\/et_pb_text][\/et_pb_column][\/et_pb_row][et_pb_row _builder_version=\"4.4.2\" width=\"100%\" max_width=\"2560px\" custom_padding=\"0px|||||\"][et_pb_column type=\"4_4\" _builder_version=\"4.4.2\"][et_pb_text _builder_version=\"4.4.2\" text_orientation=\"center\" module_alignment=\"center\" hover_enabled=\"0\" inline_fonts=\"Roboto\"]<div class=\"hover-bio-wrapper\">\n<div class=\"hover-bio\">\n<figure class=\"hover-bio\" style=\"text-align: center;\"><img loading=\"lazy\" decoding=\"async\" src=\"https:\/\/www.alcaldesdemexico.com\/revista\/wp-content\/uploads\/2021\/12\/zoom.jpg\" alt=\"\" class=\"wp-image-1319 aligncenter size-full\" width=\"792\" height=\"352\" \/>\n\n&nbsp;\n\n;\n\n<figcaption>\n<p style=\"text-align: center; font-size: large;\"><span><strong>Rodrigo Sigfrid Mart\u00ednez-Celis Wogau \/ Juan Andr\u00e9s Panam\u00e1<\/strong><\/span>\n<span style=\"font-family: Roboto; font-weight: normal; font-size: small;\"><\/span><\/p>\n\n<\/figcaption>\n<\/figure><\/div>\n<\/div>[\/et_pb_text][\/et_pb_column][\/et_pb_row][\/et_pb_section]\n\n","protected":false},"excerpt":{"rendered":"<p>DiDi, referente de movilidad segura &nbsp;La plataforma cuenta con tecnolog\u00eda inteligente para vincularse a los servicios de seguridad locales (C4 y C5) para seguimiento y atenci\u00f3n a incidentesDiDi es la primera plataforma en plantear una alianza por la seguridad con la Secretar\u00eda de Seguridad y establecer la conexi\u00f3n con el C5 del Estado de M\u00e9xico; [&hellip;]<\/p>\n","protected":false},"author":3,"featured_media":17265,"comment_status":"open","ping_status":"open","sticky":false,"template":"","format":"standard","meta":{"_et_pb_use_builder":"on","_et_pb_old_content":"","_et_gb_content_width":"1080","footnotes":""},"categories":[27],"tags":[],"class_list":["post-17256","post","type-post","status-publish","format-standard","has-post-thumbnail","hentry","category-innovacion"],"aioseo_notices":[],"_links":{"self":[{"href":"https:\/\/www.alcaldesdemexico.com\/revista\/wp-json\/wp\/v2\/posts\/17256","targetHints":{"allow":["GET"]}}],"collection":[{"href":"https:\/\/www.alcaldesdemexico.com\/revista\/wp-json\/wp\/v2\/posts"}],"about":[{"href":"https:\/\/www.alcaldesdemexico.com\/revista\/wp-json\/wp\/v2\/types\/post"}],"author":[{"embeddable":true,"href":"https:\/\/www.alcaldesdemexico.com\/revista\/wp-json\/wp\/v2\/users\/3"}],"replies":[{"embeddable":true,"href":"https:\/\/www.alcaldesdemexico.com\/revista\/wp-json\/wp\/v2\/comments?post=17256"}],"version-history":[{"count":5,"href":"https:\/\/www.alcaldesdemexico.com\/revista\/wp-json\/wp\/v2\/posts\/17256\/revisions"}],"predecessor-version":[{"id":17285,"href":"https:\/\/www.alcaldesdemexico.com\/revista\/wp-json\/wp\/v2\/posts\/17256\/revisions\/17285"}],"wp:featuredmedia":[{"embeddable":true,"href":"https:\/\/www.alcaldesdemexico.com\/revista\/wp-json\/wp\/v2\/media\/17265"}],"wp:attachment":[{"href":"https:\/\/www.alcaldesdemexico.com\/revista\/wp-json\/wp\/v2\/media?parent=17256"}],"wp:term":[{"taxonomy":"category","embeddable":true,"href":"https:\/\/www.alcaldesdemexico.com\/revista\/wp-json\/wp\/v2\/categories?post=17256"},{"taxonomy":"post_tag","embeddable":true,"href":"https:\/\/www.alcaldesdemexico.com\/revista\/wp-json\/wp\/v2\/tags?post=17256"}],"curies":[{"name":"wp","href":"https:\/\/api.w.org\/{rel}","templated":true}]}}