{"id":20992,"date":"2022-06-08T23:32:07","date_gmt":"2022-06-08T23:32:07","guid":{"rendered":"https:\/\/www.alcaldesdemexico.com\/revista\/?p=20992"},"modified":"2022-06-13T22:08:41","modified_gmt":"2022-06-13T22:08:41","slug":"con-acciones-contundentes-coacalco-recupera-sus-finanzas-sanas","status":"publish","type":"post","link":"https:\/\/www.alcaldesdemexico.com\/revista\/finanzas\/con-acciones-contundentes-coacalco-recupera-sus-finanzas-sanas\/","title":{"rendered":"Con acciones contundentes Coacalco recupera sus finanzas sanas"},"content":{"rendered":"\n\n\n[et_pb_section fb_built=\"1\" _builder_version=\"4.4.2\" width=\"70%\" width_tablet=\"100%\" width_phone=\"100%\" width_last_edited=\"on|desktop\" max_width=\"100%\" module_alignment=\"center\" custom_margin=\"0px|0px|0px|0px|false|false\" custom_padding=\"0px|0px|0px|0px|false|false\"][et_pb_row use_custom_gutter=\"on\" gutter_width=\"1\" _builder_version=\"4.4.2\" background_enable_image=\"off\" width=\"100%\" width_tablet=\"100%\" width_phone=\"\" width_last_edited=\"on|desktop\" max_width=\"2560px\" custom_margin=\"0px|0px|0px|0px|false|false\" custom_padding=\"0px|0px|0px|0px|false|false\"][et_pb_column type=\"4_4\" _builder_version=\"4.4.2\"][et_pb_gallery gallery_ids=\"20994,20995\" _builder_version=\"4.4.2\" auto=\"on\" auto_speed=\"5000\"][\/et_pb_gallery][\/et_pb_column][\/et_pb_row][et_pb_row use_custom_gutter=\"on\" gutter_width=\"1\" _builder_version=\"4.4.2\" background_enable_image=\"off\" width=\"100%\" width_tablet=\"100%\" width_phone=\"\" width_last_edited=\"on|desktop\" max_width=\"2560px\" custom_margin=\"0px|0px|0px|0px|false|false\" custom_padding=\"0px|0px|0px|0px|false|false\"][et_pb_column type=\"4_4\" _builder_version=\"4.4.2\"][et_pb_text _builder_version=\"4.4.2\" text_font=\"Roboto|300|||||||\" text_text_color=\"#000000\" header_font=\"Roboto|700|||||||\" header_text_color=\"#e02b20\" header_font_size=\"66px\" header_line_height=\"1.1em\" width=\"100%\" header_font_size_tablet=\"41px\" header_font_size_phone=\"26px\" header_font_size_last_edited=\"on|phone\" locked=\"off\" inline_fonts=\"Roboto\"]<h1 style=\"text-align: center;\">Con acciones contundentes Coacalco recupera sus finanzas sanas<\/h1>[\/et_pb_text][\/et_pb_column][\/et_pb_row][\/et_pb_section][et_pb_section fb_built=\"1\" _builder_version=\"4.4.2\" background_color_gradient_direction=\"172deg\" width=\"70%\" width_tablet=\"100%\" width_phone=\"100%\" width_last_edited=\"on|desktop\" max_width=\"100%\" module_alignment=\"center\" custom_margin=\"0px|0px|0px|0px|false|false\" custom_padding=\"0px|0px|0px|0px|false|false\"][et_pb_row _builder_version=\"4.4.2\" width=\"100%\" width_tablet=\"100%\" width_phone=\"100%\" width_last_edited=\"on|phone\" max_width=\"2560px\" custom_margin=\"0px||||false|false\" custom_padding=\"20px|15px||15px|false|false\"][et_pb_column type=\"4_4\" _builder_version=\"4.4.2\"][et_pb_text _builder_version=\"4.4.2\" text_font=\"Roboto|300|||||||\" text_text_color=\"#000000\" inline_fonts=\"Roboto\"]<p>El municipio de Coacalco de Berrioz\u00e1bal ha implementado diversas estrategias para recuperar las finanzas locales, luego de que el gobierno actual recibi\u00f3 una administraci\u00f3n p\u00fablica \u201cmuy devastada y endeudada\u201d, explica el Presidente Municipal, David S\u00e1nchez Isidoro.<\/p>\n<p>Para combatir los problemas financieros del municipio, el alcalde redujo el salario a los mandos medios, superiores y de confianza, as\u00ed como a los integrantes del ayuntamiento, s\u00edndicos, regidores y a \u00e9l mismo como Presidente Municipal. \u201cCon 20 por ciento que logramos reducir y la eliminaci\u00f3n de compensaciones a servidores p\u00fablicos generamos un ahorro de m\u00e1s de 16 millones de pesos durante los tres primeros meses de la administraci\u00f3n\u201d.<\/p>\n<p>El mun\u00edcipe sostiene que estas acciones han permitido que la administraci\u00f3n tenga mayor liquidez para atender los servicios p\u00fablicos, por ejemplo, la culminaci\u00f3n de una obra que, despu\u00e9s de su primera administraci\u00f3n (2013-2015), se descuid\u00f3 y qued\u00f3 totalmente abandonada. \u201cAdem\u00e1s de concluir esta obra, en los pr\u00f3ximos meses estaremos terminando una l\u00ednea de conducci\u00f3n en Parque Residencial Coacalco para resolver problemas relacionados con fugas de agua. Asimismo, permitir\u00e1 subir el vital l\u00edquido al tanque elevado ubicado en la Sierra de Guadalupe y que baje mediante gravedad para abastecer a toda la poblaci\u00f3n de la zona, tanto del lado de Coacalco como de Ecatepec\u201d.<\/p>[\/et_pb_text][\/et_pb_column][\/et_pb_row][et_pb_row column_structure=\"3_4,1_4\" _builder_version=\"4.4.2\" width=\"100%\" width_tablet=\"100%\" width_phone=\"100%\" width_last_edited=\"on|phone\" max_width=\"2560px\" custom_margin=\"0px||||false|false\" custom_padding=\"20px|15px||15px|false|false\"][et_pb_column type=\"3_4\" _builder_version=\"4.4.2\"][et_pb_text _builder_version=\"4.4.2\" text_font=\"Roboto|300|||||||\" text_text_color=\"#000000\" inline_fonts=\"Roboto\"]<p><strong>ARRENDAMIENTO, IDEAL EN TIEMPOS DE CRISIS<\/strong><\/p>\n<p>Para continuar con un ejercicio sano de las finanzas p\u00fablicas, el municipio de Coacalco de Berrioz\u00e1bal recurri\u00f3 al esquema de arrendamiento. \u201cSe trata de una opci\u00f3n accesible que nos permiti\u00f3 hacer uso de equipamiento en \u00f3ptimas condiciones, sin tener que adquirirlo y generar pasivos a largo plazo. Accedimos a este servicio a trav\u00e9s de la empresa LUMO Financiera del Centro y ha sido una alternativa viable para Coacalco, pues somos una administraci\u00f3n entrante\u201d, se\u00f1al\u00f3 David S\u00e1nchez.<\/p>\n<p>Mediante la figura del arrendamiento, la administraci\u00f3n municipal se fortaleci\u00f3 con 61 unidades nuevas para las \u00e1reas de Seguridad P\u00fablica, Tr\u00e1nsito, Inteligencia, Polic\u00eda de G\u00e9nero y Prevenci\u00f3n del Delito, as\u00ed como cinco torres de vigilancia, un cami\u00f3n de bomberos y una ambulancia para salvaguardar la integridad de la ciudadan\u00eda. Adem\u00e1s, el municipio renta un cami\u00f3n de redilas, una patrulla ambiental, dos pipas de agua y una camioneta que sirve para cubrir necesidades de traslados y transporte respecto del DIF municipal.<\/p>\n<p><strong>ATENCI\u00d3N A LA SALUD<\/strong><\/p>\n<p>El alcalde refiere que se puso en marcha el Seguro Popular Municipal, un esquema de salud que cuenta con dos cl\u00ednicas (Granjas Cor y Rinconada San Felipe) y dos consultorios (Los Sabinos y Potrero la Laguna). Estas cuatro cl\u00ednicas cuentan con servicio de farmacia, y dentro de los beneficios de dicho seguro, los afiliados pueden adquirir dos medicamentos y an\u00e1lisis cl\u00ednicos gratis del cuadro b\u00e1sico al mes, as\u00ed como consultas ilimitadas, atenci\u00f3n dental y un par de lentes sin costo al a\u00f1o, entre otros servicios.<\/p>\n<p>Hoy, Coacalco ya cuenta con pruebas gratuitas de Covid-19, los habitantes pueden acudir a trav\u00e9s de las instalaciones del DIF a hac\u00e9rselas sin costo alguno y con ello tambi\u00e9n tienen la oportunidad de recibir el tratamiento m\u00e9dico gratis si llegaran a dar positivo\u201d, concret\u00f3 David S\u00e1nchez Isidoro.<\/p>[\/et_pb_text][\/et_pb_column][et_pb_column type=\"1_4\" _builder_version=\"4.4.2\"][et_pb_image src=\"https:\/\/www.alcaldesdemexico.com\/revista\/wp-content\/uploads\/2022\/06\/david-sanchez.jpg\" align=\"center\" _builder_version=\"4.4.2\" locked=\"off\"][\/et_pb_image][et_pb_text _builder_version=\"4.4.2\" header_text_color=\"#000000\" locked=\"off\"]<h1 style=\"text-align: center;\"><strong>David S\u00e1nchez Isidoro<\/strong><\/h1>\n<p style=\"text-align: center;\">PRESIDENTE MUNICIPAL<\/p>[\/et_pb_text][\/et_pb_column][\/et_pb_row][et_pb_row use_custom_gutter=\"on\" gutter_width=\"1\" _builder_version=\"4.4.2\" background_color=\"#e02b20\" width=\"100%\" max_width=\"100%\" custom_margin=\"0px|0px|0px|0px|false|false\" custom_padding=\"0px|0px|0px|0px|false|false\"][et_pb_column type=\"4_4\" _builder_version=\"4.4.2\" border_color_all=\"rgba(0,0,0,0)\"][et_pb_text _builder_version=\"4.4.2\" text_font=\"Roboto|700|||||||\" text_text_color=\"#ffffff\" text_font_size=\"17px\" custom_padding=\"5px|10px|5px||false|false\"]<p style=\"text-align: right;\"><span style=\"color: #ffffff;\"><strong><a href=\"http:\/\/www.coacalco.gob.mx\" style=\"color: #ffffff;\">coacalco.gob.mx<\/a><\/strong><\/span><\/p>[\/et_pb_text][\/et_pb_column][\/et_pb_row][\/et_pb_section]\n\n\n","protected":false},"excerpt":{"rendered":"<p>Con acciones contundentes Coacalco recupera sus finanzas sanasEl municipio de Coacalco de Berrioz\u00e1bal ha implementado diversas estrategias para recuperar las finanzas locales, luego de que el gobierno actual recibi\u00f3 una administraci\u00f3n p\u00fablica \u201cmuy devastada y endeudada\u201d, explica el Presidente Municipal, David S\u00e1nchez Isidoro. Para combatir los problemas financieros del municipio, el alcalde redujo el salario [&hellip;]<\/p>\n","protected":false},"author":3,"featured_media":20995,"comment_status":"open","ping_status":"open","sticky":false,"template":"","format":"standard","meta":{"_et_pb_use_builder":"on","_et_pb_old_content":"","_et_gb_content_width":"2880","footnotes":""},"categories":[53,1460],"tags":[],"class_list":["post-20992","post","type-post","status-publish","format-standard","has-post-thumbnail","hentry","category-finanzas","category-junio-2022"],"aioseo_notices":[],"_links":{"self":[{"href":"https:\/\/www.alcaldesdemexico.com\/revista\/wp-json\/wp\/v2\/posts\/20992","targetHints":{"allow":["GET"]}}],"collection":[{"href":"https:\/\/www.alcaldesdemexico.com\/revista\/wp-json\/wp\/v2\/posts"}],"about":[{"href":"https:\/\/www.alcaldesdemexico.com\/revista\/wp-json\/wp\/v2\/types\/post"}],"author":[{"embeddable":true,"href":"https:\/\/www.alcaldesdemexico.com\/revista\/wp-json\/wp\/v2\/users\/3"}],"replies":[{"embeddable":true,"href":"https:\/\/www.alcaldesdemexico.com\/revista\/wp-json\/wp\/v2\/comments?post=20992"}],"version-history":[{"count":5,"href":"https:\/\/www.alcaldesdemexico.com\/revista\/wp-json\/wp\/v2\/posts\/20992\/revisions"}],"predecessor-version":[{"id":21013,"href":"https:\/\/www.alcaldesdemexico.com\/revista\/wp-json\/wp\/v2\/posts\/20992\/revisions\/21013"}],"wp:featuredmedia":[{"embeddable":true,"href":"https:\/\/www.alcaldesdemexico.com\/revista\/wp-json\/wp\/v2\/media\/20995"}],"wp:attachment":[{"href":"https:\/\/www.alcaldesdemexico.com\/revista\/wp-json\/wp\/v2\/media?parent=20992"}],"wp:term":[{"taxonomy":"category","embeddable":true,"href":"https:\/\/www.alcaldesdemexico.com\/revista\/wp-json\/wp\/v2\/categories?post=20992"},{"taxonomy":"post_tag","embeddable":true,"href":"https:\/\/www.alcaldesdemexico.com\/revista\/wp-json\/wp\/v2\/tags?post=20992"}],"curies":[{"name":"wp","href":"https:\/\/api.w.org\/{rel}","templated":true}]}}