{"id":23464,"date":"2022-10-07T22:30:18","date_gmt":"2022-10-07T22:30:18","guid":{"rendered":"https:\/\/www.alcaldesdemexico.com\/revista\/?p=23464"},"modified":"2022-10-18T21:54:03","modified_gmt":"2022-10-18T21:54:03","slug":"alianzas-publico-privadas-fortalecen-la-seguridad-en-oaxaca-de-juarez","status":"publish","type":"post","link":"https:\/\/www.alcaldesdemexico.com\/revista\/seguridad\/alianzas-publico-privadas-fortalecen-la-seguridad-en-oaxaca-de-juarez\/","title":{"rendered":"Alianzas p\u00fablico-privadas fortalecen la seguridad en Oaxaca de Ju\u00e1rez"},"content":{"rendered":"\n\n[et_pb_section fb_built=\"1\" _builder_version=\"4.4.2\" width=\"70%\" width_tablet=\"100%\" width_phone=\"100%\" width_last_edited=\"on|desktop\" max_width=\"100%\" module_alignment=\"center\" custom_margin=\"0px|0px|0px|0px|false|false\" custom_padding=\"0px|0px|0px|0px|false|false\"][et_pb_row column_structure=\"1_3,1_3,1_3\" use_custom_gutter=\"on\" gutter_width=\"1\" _builder_version=\"4.4.2\" background_enable_image=\"off\" width=\"100%\" width_tablet=\"100%\" width_phone=\"\" width_last_edited=\"on|desktop\" max_width=\"2560px\" custom_margin=\"0px|0px|0px|0px|false|false\" custom_padding=\"0px|0px|0px|0px|false|false\"][et_pb_column type=\"1_3\" _builder_version=\"4.4.2\"][et_pb_image src=\"https:\/\/www.alcaldesdemexico.com\/revista\/wp-content\/uploads\/2022\/10\/DSC6077.png\" _builder_version=\"4.4.2\" width=\"100%\" max_width=\"100%\" hover_enabled=\"0\"][\/et_pb_image][\/et_pb_column][et_pb_column type=\"1_3\" _builder_version=\"4.4.2\"][et_pb_image src=\"https:\/\/www.alcaldesdemexico.com\/revista\/wp-content\/uploads\/2022\/10\/DSC6277.png\" _builder_version=\"4.4.2\" width=\"100%\" max_width=\"100%\" hover_enabled=\"0\"][\/et_pb_image][\/et_pb_column][et_pb_column type=\"1_3\" _builder_version=\"4.4.2\"][et_pb_image src=\"https:\/\/www.alcaldesdemexico.com\/revista\/wp-content\/uploads\/2022\/10\/DSC6096.png\" _builder_version=\"4.4.2\" width=\"100%\" max_width=\"100%\" hover_enabled=\"0\"][\/et_pb_image][\/et_pb_column][\/et_pb_row][\/et_pb_section][et_pb_section fb_built=\"1\" _builder_version=\"4.4.2\" background_color_gradient_direction=\"172deg\" width=\"70%\" width_tablet=\"100%\" width_phone=\"100%\" width_last_edited=\"on|desktop\" max_width=\"100%\" module_alignment=\"center\" custom_margin=\"0px|0px|0px|0px|false|false\" custom_padding=\"0px|0px|0px|0px|false|false\"][et_pb_row _builder_version=\"4.4.2\" width=\"100%\" width_tablet=\"100%\" width_phone=\"100%\" width_last_edited=\"on|phone\" max_width=\"2560px\" custom_margin=\"0px||||false|false\" custom_padding=\"20px|15px||15px|false|false\"][et_pb_column type=\"4_4\" _builder_version=\"4.4.2\"][et_pb_text _builder_version=\"4.4.2\" text_font=\"Roboto|300|||||||\" text_text_color=\"#000000\" header_font=\"Roboto|700|||||||\" header_text_color=\"#808285\" header_font_size=\"34px\" header_line_height=\"1.1em\" width=\"100%\" hover_enabled=\"0\" header_font_size_tablet=\"24px\" header_font_size_phone=\"19px\" header_font_size_last_edited=\"on|phone\" inline_fonts=\"Roboto\"]<h1 style=\"text-align: center;\">Alianzas p\u00fablico-privadas fortalecen la seguridad en Oaxaca de Ju\u00e1rez <\/h1>[\/et_pb_text][\/et_pb_column][\/et_pb_row][et_pb_row _builder_version=\"4.4.2\" width=\"100%\" width_tablet=\"100%\" width_phone=\"100%\" width_last_edited=\"on|phone\" max_width=\"2560px\" custom_margin=\"0px||||false|false\" custom_padding=\"20px|15px||15px|false|false\" locked=\"off\"][et_pb_column type=\"4_4\" _builder_version=\"4.4.2\"][et_pb_text _builder_version=\"4.4.2\" text_font=\"Roboto|300|||||||\" text_text_color=\"#6b6b6b\" hover_enabled=\"0\" inline_fonts=\"Roboto\"]<p>El municipio de Oaxaca de Ju\u00e1rez duplic\u00f3 su flotilla de patrullas gracias a la donaci\u00f3n de unidades por parte de la empresa Lumo Financiera del Centro.<\/p>\n<p>La capital oaxaque\u00f1a, de 270 mil 955 habitantes, \u00fanicamente contaba con tres patrullas operando al inicio de la administraci\u00f3n. Ahora, en la administraci\u00f3n del presidente municipal Francisco Mart\u00ednez Neri, y con el apoyo de Lumo, se cuenta con 30 nuevas unidades (17 patrullas, 10 moto patrullas y tres camionetas Ranger).<\/p>\n<p>\u201cAgradezco mucho a la empresa Lumo por este acto humanitario de donaci\u00f3n. Al duplicar nuestra fuerza motorizada, la ciudadan\u00eda tendr\u00e1 una mejor percepci\u00f3n de seguridad. Estos nuevos veh\u00edculos son muy eficientes en su equipamiento y nos servir\u00e1n mucho para incrementar la seguridad, la cual debe ser imperativa en todo el municipio\u201d, comenta el alcalde.<\/p>\n<p>La entrega de estas nuevas unidades se hizo en el marco del 32 aniversario de la Secretar\u00eda de Seguridad Ciudadana, Movilidad y Protecci\u00f3n Civil del municipio capitalino.<\/p>\n<p>Adem\u00e1s, por primera vez en la historia de la corporaci\u00f3n, todos los elementos, mil 96 en total, recibir\u00e1n uniformes de la mejor calidad, mediante una inversi\u00f3n de 13 millones de pesos, asegura Mart\u00ednez Neri.<\/p>\n<p>\u201cHicimos un esfuerzo para que todos los polic\u00edas, incluidos los de vialidad, est\u00e9n uniformados bajo los requerimientos necesarios. Siempre reconoceremos p\u00fablicamente la labor policial por los peligros a los que se exponen.\u201d<\/p>\n<p>Aclara que est\u00e1 pendiente la reuni\u00f3n con los diputados del Congreso estatal para la contrataci\u00f3n de m\u00e1s polic\u00edas, ya que actualmente son insuficientes; y en ese sentido, ajustar el presupuesto del ayuntamiento hacia al alza.<\/p>[\/et_pb_text][\/et_pb_column][\/et_pb_row][et_pb_row column_structure=\"1_2,1_2\" _builder_version=\"4.4.2\" width=\"100%\" width_tablet=\"100%\" width_phone=\"100%\" width_last_edited=\"on|phone\" max_width=\"2560px\" custom_margin=\"0px||||false|false\" custom_padding=\"20px|15px||15px|false|false\" locked=\"off\"][et_pb_column type=\"1_2\" _builder_version=\"4.4.2\"][et_pb_text _builder_version=\"4.4.2\" text_font=\"Roboto|300|||||||\" text_text_color=\"#6b6b6b\" inline_fonts=\"Roboto\"]<p style=\"font-size: 14px; background-color: #ffffff;\"><span style=\"font-size: 14px; color: #808285;\"><span style=\"font-size: 14px; font-weight: bold;\">Est\u00edmulos y recompensas<\/span><\/span><\/p>\n<p style=\"font-size: 14px; background-color: #ffffff;\"><\/p>\n<p style=\"font-size: 14px; background-color: #ffffff;\">Los elementos de la Secretar\u00eda de Seguridad Ciudadana, Movilidad y Protecci\u00f3n Civil que cumplieron 20, 25 y 30 a\u00f1os de servicio ininterrumpidos recibieron placas de reconocimientos y diez d\u00edas de franquicia extraordinaria, las cuales son permisos con goce de sueldo, as\u00ed como est\u00edmulos econ\u00f3micos por rendimiento operativo.<\/p>\n<p style=\"font-size: 14px; background-color: #ffffff;\">\u201cTenemos est\u00edmulos de diferentes tipos. Algunos son econ\u00f3micos; pero no siempre alcanza el dinero. Entonces, otorgamos las franquicias de 10 d\u00edas consecutivos, que los polic\u00edas pueden ocupar para estar con su familia\u201d, explica el presidente municipal.<\/p>\n<p style=\"font-size: 14px; background-color: #ffffff;\">Refiere que los apoyos econ\u00f3micos y reconocimientos entregados por a\u00f1os de servicio no ten\u00edan precedente en la corporaci\u00f3n y es necesario institucionalizarlos para que sean permanentes.<\/p>\n<p style=\"font-size: 14px; background-color: #ffffff;\"><span style=\"font-size: 14px; font-weight: bold;\"><span style=\"font-size: 14px; color: #808285;\">Planes a futuro en seguridad<\/span><\/span><\/p>\n<p style=\"font-size: 14px; background-color: #ffffff;\">En coordinaci\u00f3n con el gobierno estatal, la capital oaxaque\u00f1a tendr\u00e1 m\u00e1s c\u00e1maras de videovigilancia, a fin de disminuir la incidencia delictiva.<\/p>\n<p style=\"font-size: 14px; background-color: #ffffff;\">De igual manera, el Ayuntamiento prev\u00e9 reforzar su Centro de Comando y Control (C-2) y de ser posible convertirlo en un C-4, con la mayor tecnolog\u00eda de vanguardia.<\/p>[\/et_pb_text][\/et_pb_column][et_pb_column type=\"1_2\" _builder_version=\"4.4.2\"][et_pb_image src=\"https:\/\/www.alcaldesdemexico.com\/revista\/wp-content\/uploads\/2022\/10\/DSC6321.png\" align=\"center\" _builder_version=\"4.4.2\" hover_enabled=\"0\" locked=\"off\"][\/et_pb_image][et_pb_text _builder_version=\"4.4.2\" header_text_color=\"#808285\" hover_enabled=\"0\" locked=\"off\" header_font=\"Roboto||||||||\"]<h1 style=\"text-align: center;\"><strong>Francisco\nMart\u00ednez Neri<\/strong><\/h1>\n<p style=\"text-align: center;\">PRESIDENTE MUNICIPAL\nDE OAXACA DE JU\u00c1REZ<\/p>[\/et_pb_text][\/et_pb_column][\/et_pb_row][et_pb_row _builder_version=\"4.4.2\" width=\"100%\" width_tablet=\"100%\" width_phone=\"100%\" width_last_edited=\"on|phone\" max_width=\"2560px\" custom_margin=\"0px||||false|false\" custom_padding=\"20px|15px||15px|false|false\" locked=\"off\"][et_pb_column type=\"4_4\" _builder_version=\"4.4.2\"][et_pb_text _builder_version=\"4.4.2\" text_font=\"Roboto|300|||||||\" text_text_color=\"#6b6b6b\" hover_enabled=\"0\" inline_fonts=\"Roboto\"]<p>&nbsp;<\/p>\n<p style=\"text-align: right;\"><span style=\"color: #000000;\"><a href=\"municipiodeoaxaca.gob.mx\" style=\"color: #000000;\"><strong>municipiodeoaxaca.gob.mx<\/strong><\/a><\/span><\/p>\n[\/et_pb_text][\/et_pb_column][\/et_pb_row][\/et_pb_section]\n\n","protected":false},"excerpt":{"rendered":"<p>Alianzas p\u00fablico-privadas fortalecen la seguridad en Oaxaca de Ju\u00e1rez El municipio de Oaxaca de Ju\u00e1rez duplic\u00f3 su flotilla de patrullas gracias a la donaci\u00f3n de unidades por parte de la empresa Lumo Financiera del Centro. La capital oaxaque\u00f1a, de 270 mil 955 habitantes, \u00fanicamente contaba con tres patrullas operando al inicio de la administraci\u00f3n. Ahora, [&hellip;]<\/p>\n","protected":false},"author":3,"featured_media":23471,"comment_status":"open","ping_status":"open","sticky":false,"template":"","format":"standard","meta":{"_et_pb_use_builder":"on","_et_pb_old_content":"","_et_gb_content_width":"1080","footnotes":""},"categories":[1472,65],"tags":[],"class_list":["post-23464","post","type-post","status-publish","format-standard","has-post-thumbnail","hentry","category-octubre-2022","category-seguridad"],"aioseo_notices":[],"_links":{"self":[{"href":"https:\/\/www.alcaldesdemexico.com\/revista\/wp-json\/wp\/v2\/posts\/23464","targetHints":{"allow":["GET"]}}],"collection":[{"href":"https:\/\/www.alcaldesdemexico.com\/revista\/wp-json\/wp\/v2\/posts"}],"about":[{"href":"https:\/\/www.alcaldesdemexico.com\/revista\/wp-json\/wp\/v2\/types\/post"}],"author":[{"embeddable":true,"href":"https:\/\/www.alcaldesdemexico.com\/revista\/wp-json\/wp\/v2\/users\/3"}],"replies":[{"embeddable":true,"href":"https:\/\/www.alcaldesdemexico.com\/revista\/wp-json\/wp\/v2\/comments?post=23464"}],"version-history":[{"count":3,"href":"https:\/\/www.alcaldesdemexico.com\/revista\/wp-json\/wp\/v2\/posts\/23464\/revisions"}],"predecessor-version":[{"id":23474,"href":"https:\/\/www.alcaldesdemexico.com\/revista\/wp-json\/wp\/v2\/posts\/23464\/revisions\/23474"}],"wp:featuredmedia":[{"embeddable":true,"href":"https:\/\/www.alcaldesdemexico.com\/revista\/wp-json\/wp\/v2\/media\/23471"}],"wp:attachment":[{"href":"https:\/\/www.alcaldesdemexico.com\/revista\/wp-json\/wp\/v2\/media?parent=23464"}],"wp:term":[{"taxonomy":"category","embeddable":true,"href":"https:\/\/www.alcaldesdemexico.com\/revista\/wp-json\/wp\/v2\/categories?post=23464"},{"taxonomy":"post_tag","embeddable":true,"href":"https:\/\/www.alcaldesdemexico.com\/revista\/wp-json\/wp\/v2\/tags?post=23464"}],"curies":[{"name":"wp","href":"https:\/\/api.w.org\/{rel}","templated":true}]}}