{"id":23628,"date":"2022-10-29T17:11:41","date_gmt":"2022-10-29T17:11:41","guid":{"rendered":"https:\/\/www.alcaldesdemexico.com\/revista\/?p=23628"},"modified":"2022-11-08T00:33:54","modified_gmt":"2022-11-08T00:33:54","slug":"reconstruir-tejido-social-la-meta","status":"publish","type":"post","link":"https:\/\/www.alcaldesdemexico.com\/revista\/alcaldes-de-mexico\/reconstruir-tejido-social-la-meta\/","title":{"rendered":"Reconstruir tejido social, la meta"},"content":{"rendered":"\n\n\n[et_pb_section fb_built=\"1\" _builder_version=\"4.4.2\" background_color=\"#ded2dd\" width=\"100%\" width_tablet=\"\" width_phone=\"100%\" width_last_edited=\"on|phone\" max_width=\"1080px\" module_alignment=\"center\" custom_padding=\"|||0px||\" border_color_all=\"#e9ebdd\"][et_pb_row _builder_version=\"4.4.2\"][et_pb_column type=\"4_4\" _builder_version=\"4.4.2\"][et_pb_code _builder_version=\"4.4.2\"]<script type=\"text\/javascript\"><!-- [et_pb_line_break_holder] -->\t(function($){<!-- [et_pb_line_break_holder] -->\t$(document).ready(function() {<!-- [et_pb_line_break_holder] -->\t  $( '#videopopup a' ).addClass('popup-video');<!-- [et_pb_line_break_holder] -->\t    $('.popup-video').magnificPopup({<!-- [et_pb_line_break_holder] -->\t        disableOn: 100,<!-- [et_pb_line_break_holder] -->\t        type: 'iframe',<!-- [et_pb_line_break_holder] -->\t        mainClass: 'mfp-fade',<!-- [et_pb_line_break_holder] -->\t        removalDelay: 160,<!-- [et_pb_line_break_holder] -->\t        preloader: false,<!-- [et_pb_line_break_holder] -->\t        fixedContentPos: false<!-- [et_pb_line_break_holder] -->\t    });<!-- [et_pb_line_break_holder] -->\t});<!-- [et_pb_line_break_holder] -->\t})(jQuery)<!-- [et_pb_line_break_holder] --><\/script>[\/et_pb_code][\/et_pb_column][\/et_pb_row][et_pb_row column_structure=\"1_2,1_2\" use_custom_gutter=\"on\" make_equal=\"on\" _builder_version=\"4.4.2\" background_color=\"#6c2669\" width=\"100%\" width_tablet=\"\" width_phone=\"100%\" width_last_edited=\"on|desktop\" max_width=\"2560px\" max_width_tablet=\"\" max_width_phone=\"\" max_width_last_edited=\"on|phone\" background_last_edited=\"on|desktop\" saved_tabs=\"all\"][et_pb_column type=\"1_2\" _builder_version=\"4.4.2\" background_color=\"rgba(0,0,0,0)\"][et_pb_text content_last_edited=\"off|desktop\" _builder_version=\"4.4.2\" header_font_size=\"32px\" header_2_font_size=\"24px\" custom_padding=\"0px|||||\"]<h2 style=\"text-align: center;\"><span><span style=\"color: #ffffff;\">El Municipio\u00a0<strong>Hoy<\/strong><\/span><\/span><\/h2>[\/et_pb_text][\/et_pb_column][et_pb_column type=\"1_2\" _builder_version=\"4.0.2\"][et_pb_text _builder_version=\"4.4.2\" text_font=\"|700|||||||\" text_text_color=\"#6c2669\" text_font_size=\"17px\" header_text_color=\"#0d6cb6\" background_color=\"#ded2dd\"]<p style=\"text-align: center;\"><strong><span>\u25ba Toluca\n<\/span><\/strong><\/p>[\/et_pb_text][\/et_pb_column][\/et_pb_row][et_pb_row make_equal=\"on\" _builder_version=\"4.4.2\" width=\"94%\" width_tablet=\"\" width_phone=\"\" width_last_edited=\"on|desktop\" max_width=\"2560px\" module_alignment=\"center\" min_height=\"308px\" custom_margin=\"|||118px|false|false\" custom_padding=\"||4px||false|false\"][et_pb_column type=\"4_4\" _builder_version=\"4.4.2\"][et_pb_code _builder_version=\"4.4.2\"]<script type=\"text\/javascript\"><!-- [et_pb_line_break_holder] -->\t(function($){<!-- [et_pb_line_break_holder] -->\t$(document).ready(function() {<!-- [et_pb_line_break_holder] -->\t  $( '#videopopup a' ).addClass('popup-video');<!-- [et_pb_line_break_holder] -->\t    $('.popup-video').magnificPopup({<!-- [et_pb_line_break_holder] -->\t        disableOn: 100,<!-- [et_pb_line_break_holder] -->\t        type: 'iframe',<!-- [et_pb_line_break_holder] -->\t        mainClass: 'mfp-fade',<!-- [et_pb_line_break_holder] -->\t        removalDelay: 160,<!-- [et_pb_line_break_holder] -->\t        preloader: false,<!-- [et_pb_line_break_holder] -->\t        fixedContentPos: false<!-- [et_pb_line_break_holder] -->\t    });<!-- [et_pb_line_break_holder] -->\t});<!-- [et_pb_line_break_holder] -->\t})(jQuery)<!-- [et_pb_line_break_holder] --><\/script>[\/et_pb_code][et_pb_text _builder_version=\"4.4.2\" text_font=\"Roboto|100|||||||\" text_text_color=\"#6c2669\" text_font_size=\"23px\" header_font=\"Roboto|900|||||||\" header_text_align=\"center\" header_text_color=\"#6c2669\" header_font_size=\"67px\" header_2_font=\"Roboto|100|on||||||\" header_2_text_align=\"center\" custom_padding=\"||0px|||\" text_font_size_tablet=\"\" text_font_size_phone=\"\" text_font_size_last_edited=\"on|desktop\" header_font_size_tablet=\"53px\" header_font_size_phone=\"35px\" header_font_size_last_edited=\"on|desktop\" header_2_font_size_tablet=\"\" header_2_font_size_phone=\"\" header_2_font_size_last_edited=\"on|desktop\"]<p style=\"text-align: left;\"><span style=\"font-family: inherit;\"><em>El gobierno toluque\u00f1o tiene como prioridad utilizar los recursos que recauda para invertirlos en obra p\u00fablica, generaci\u00f3n de empleo y seguridad p\u00fablica, y as\u00ed salir del estancamiento en el que se encontraba y posicionarse nuevamente como una ciudad faro\n<\/em><\/span><\/p>\n<p style=\"text-align: left;\"><span style=\"font-family: inherit;\"><em><\/em><\/span><\/p>\n<p style=\"text-align: left;\"><span style=\"font-family: inherit;\"><em><\/em><\/span><\/p>\n\n<h1 style=\"text-align: center;\">Reconstruir tejido social, la meta<\/h1>[\/et_pb_text][\/et_pb_column][\/et_pb_row][et_pb_row use_custom_gutter=\"on\" gutter_width=\"1\" _builder_version=\"4.4.2\" width_tablet=\"\" width_phone=\"87%\" width_last_edited=\"on|phone\" max_width=\"2177px\" module_alignment=\"center\" custom_padding=\"||0px|||\"][et_pb_column type=\"4_4\" _builder_version=\"4.4.2\"][et_pb_text _builder_version=\"4.4.2\" text_font=\"Roboto|300|||||||\" text_font_size=\"22px\" text_letter_spacing=\"1px\" text_line_height=\"1.8em\" header_text_align=\"center\" header_text_color=\"#628d3c\" header_font_size=\"64px\" header_2_font=\"Roboto|100|on||||||\" header_2_text_align=\"center\" z_index=\"57\" width=\"100%\" module_alignment=\"center\" min_height=\"2670px\" custom_margin=\"0px||||false|false\" custom_padding=\"0px||0px|||\" text_font_size_tablet=\"\" text_font_size_phone=\"\" text_font_size_last_edited=\"on|phone\" header_font_size_tablet=\"33px\" header_font_size_phone=\"35px\" header_font_size_last_edited=\"on|phone\" header_2_font_size_tablet=\"\" header_2_font_size_phone=\"\" header_2_font_size_last_edited=\"on|desktop\" inline_fonts=\"Roboto\"]<p><span>\u25baPor Luis Alberto Hern\u00e1ndez<br \/> <span style=\"font-size: small; font-family: Roboto;\">FOTO: ARCHIVO <em>ALCALDES DE M\u00c9XICO<\/em><\/span><\/span><\/p>\n<p><strong>Toluca, M\u00e9x.-<\/strong> Raymundo Mart\u00ednez Carbajal describe a la localidad que gobierna como un sitio clave para todo el pa\u00eds, ya que funciona como conexi\u00f3n para distintas regiones de todos los puntos cardinales. Sin embargo, pese a esta importancia que tiene Toluca en materia geogr\u00e1fica, econ\u00f3mica y pol\u00edtica para el pa\u00eds \u2014al ser tambi\u00e9n la capital del Estado de M\u00e9xico\u2014, era una ciudad que estaba \u201cen ruinas\u201d.<\/p>\n<p>\u201cEl 29 de diciembre, Toluca era una ciudad con camiones en llamas, basura por todas las calles, sin energ\u00eda el\u00e9ctrica, con la Polic\u00eda de brazos ca\u00eddos, quienes junto con bomberos y trabajadores de limpia estaban manifest\u00e1ndose o sin regresar a laborar porque no se les hab\u00edan pagado siete quincenas. Estamos hablando de m\u00e1s de seis mil trabajadores en una situaci\u00f3n de esa naturaleza.\u201d<\/p>\n<p>Sumado a ello, relata el entrevistado, se les deb\u00eda a los proveedores m\u00e1s de mil millones de pesos (mdp). En consecuencia, recibi\u00f3 una administraci\u00f3n p\u00fablica no debilitada, no mermada, sino desaparecida. La Tesorer\u00eda ten\u00eda 2 mil 800 pesos en caja y una deuda de mil 656 mdp y el compromiso de pagar una n\u00f3mina de 56 millones en 15 d\u00edas.<\/p>\n<p><strong>\u00bfC\u00d3MO SE REVIRTI\u00d3 EL DA\u00d1O?<\/strong><br \/> \u201cDe acuerdo con la propia revista Alcaldes de M\u00e9xico, Toluca tiene el sistema catastral m\u00e1s moderno del pa\u00eds. Hicimos todo un proyecto de fotogrametr\u00eda que lo que est\u00e1 planteando es revalorar el valor catastral de las propiedades. Normalmente, se recaudaban 480 mdp al a\u00f1o, hoy nosotros vamos por esos 480 m\u00e1s. Es decir, por lo menos el doble. Tenemos la expectativa de llevar la recaudaci\u00f3n en materia de predial hasta cerca de los mil millones\u201d.<\/p>\n<p>En materia de agua, se\u00f1ala el edil, hicieron un programa de borr\u00f3n y cuenta nueva para que 180 mil habitantes puedan abonar algo a su deuda y que esos mismos no deban cantidades estratosf\u00e9ricas. \u201cDicha estrategia ya nos permiti\u00f3 una recaudaci\u00f3n que nos hizo incrementar nuestros ingresos en 20 por ciento. No figur\u00e1bamos ni entre los 10 municipios m\u00e1s recaudadores a nivel nacional y ahora estamos en tercer lugar\u201d.<\/p>\n<p><strong>LA PRIORIDAD<\/strong><br \/> El foco principal de la actual gesti\u00f3n municipal se concentra en la recuperaci\u00f3n del tejido social, \u201cy no es una frase ret\u00f3rica, no es un discurso manido. Se trata de una estrategia de fondo que ya estamos articulando de la mano con la ciudadan\u00eda, casa por casa, que nos est\u00e1 generando informaci\u00f3n muy importante para lograr que la poblaci\u00f3n se haga de nuevo de las de las zonas de uso com\u00fan\u201d.<\/p>\n<p>Asimismo, se cre\u00f3 la Polic\u00eda denominada Pie a Tierra. \u201cNormalmente, en los conceptos de seguridad p\u00fablica, los dise\u00f1os te hablan siempre de Polic\u00eda de proximidad. Yo quise rebasar ese esquema para entrar a lo que le llamo Polic\u00eda de integraci\u00f3n social. Comienza por hacer un trabajo comunitario que llamo Pie a Tierra y nos ha funcionado muy bien, porque los uniformados han tenido mucha plasticidad de adaptarse a lo que hemos planteado, y lo que hoy tenemos es un ejercicio social de gran calado que, junto con las \u00e1reas de desarrollo social, anteriormente enfocadas m\u00e1s al asistencialismo que a otra cosa, estamos haciendo diagn\u00f3sticos de fondo para encontrar las causalidades de los problemas y generamos pol\u00edticas gubernamentales de \u00faltima generaci\u00f3n\u201d.<\/p>\n<p><strong>OBRA P\u00daBLICA<\/strong><br \/> \u201cEstamos haciendo una radiograf\u00eda de involucramiento con la comunidad. En la zona centro, donde est\u00e1n 10 de las 48 delegaciones que componen al municipio, hemos concentrado el esfuerzo en materia de bacheo, rehabilitaci\u00f3n, pavimentaci\u00f3n y alumbrado p\u00fablico. Yo vengo de ser Secretario de Movilidad y es un tema siempre de discusi\u00f3n a nivel global respecto de la jerarqu\u00eda, la cual dice que debes dar prioridad a los peatones, luego a los ciclistas, al transporte p\u00fablico de pasajeros, al transporte de carga, y finalmente al transporte individual en autom\u00f3vil. Ac\u00e1 estamos al rev\u00e9s, es decir, la presi\u00f3n es para que resolvamos el problema de los baches y de los arroyos vehiculares.\u201d<\/p>\n<p>En cuanto a bacheo, normalmente se programaban 30 mil metros cuadrados, pero la actual administraci\u00f3n ya lleva m\u00e1s de 70 mil, con miras a llegar a los 100 mil metros cuadrados.<\/p>\n<p>En materia de alumbrado, por el descuido de los \u00faltimos a\u00f1os, el gobierno municipal, seg\u00fan reporta el edil, tuvo que sustituir m\u00e1s de 10 mil luminarias de las 58 mil que tiene la capital mexiquense, y al cierre de esta edici\u00f3n, ya llevan m\u00e1s de cuatro mil 500 sustituidas.<\/p>\n<p>\u201cYa tenemos 250 obras en ejecuci\u00f3n o inaugurando buena parte de \u00e9stas. El plan es culminar 100 a fin de a\u00f1o, poniendo atenci\u00f3n en proyectos para el deporte y ben\u00e9ficos para la juventud, lo cual nos va a llevar a intervenir 19 unidades deportivas. La idea es recuperarlas y que se consolide un programa de deporte comunitario\u201d, se\u00f1ala.<\/p>\n<p><strong>ATENCI\u00d3N A LA MUJER<\/strong><br \/> El mayor n\u00famero de viajes a pie lo hacen las mujeres y normalmente viajan con bolsas, maletas, en zapatillas, con un ni\u00f1o, un beb\u00e9 o un adulto, siempre llevando la proveedur\u00eda de la casa. \u201cEntonces, poner una atenci\u00f3n especial, con \u00e9nfasis en la visi\u00f3n de g\u00e9nero para rehabilitar las banquetas es un tema que yo traigo porque hice un compromiso con las mujeres del municipio\u201d.<\/p>\n<p>En dicho escenario, el edil reconoce que, durante los \u00faltimos 10 a\u00f1os, Toluca ha sido una de las ciudades con el \u00edndice de violencia intrafamiliar m\u00e1s alto del pa\u00eds. \u201cJunto con todo el sistema de procuraci\u00f3n de justicia y de seguridad, estamos rearticulando las estrategias para resolver el problema, en una coordinaci\u00f3n muy estrecha con el gobierno estatal y federal, sentados a la mesa de construcci\u00f3n de paz\u201d.<\/p>\n<p>Tambi\u00e9n, agrega, hay refugios para situaciones extremas para el aislamiento de la v\u00edctima, junto con toda una articulaci\u00f3n que ha permitido nueve meses sin feminicidios en Toluca.<\/p>[\/et_pb_text][\/et_pb_column][\/et_pb_row][et_pb_row column_structure=\"1_2,1_2\" _builder_version=\"4.4.2\" width=\"81%\" max_width=\"1079px\"][et_pb_column type=\"1_2\" _builder_version=\"4.4.2\"][et_pb_text _builder_version=\"4.4.2\" text_font=\"Roboto|300|||||||\" text_font_size=\"22px\" text_letter_spacing=\"1px\" text_line_height=\"1.8em\" header_text_align=\"center\" header_text_color=\"#628d3c\" header_font_size=\"64px\" header_2_font=\"Roboto|100|on||||||\" header_2_text_align=\"center\" z_index=\"57\" width=\"100%\" module_alignment=\"center\" custom_margin=\"0px||||false|false\" custom_padding=\"0px||0px|3px||\" text_font_size_tablet=\"\" text_font_size_phone=\"\" text_font_size_last_edited=\"on|phone\" header_font_size_tablet=\"33px\" header_font_size_phone=\"35px\" header_font_size_last_edited=\"on|phone\" header_2_font_size_tablet=\"\" header_2_font_size_phone=\"\" header_2_font_size_last_edited=\"on|desktop\"]<p>Para finalizar, comenta que su gobierno emprende una estrategia integral. \u201cSe trata de llevar los recursos de manera ordenada hacia todos los \u00e1mbitos y todos los campos de inter\u00e9s de las comunidades. Si queremos resolver los problemas de fondo, debemos hacerlo desde lo comunitario. La visi\u00f3n que tenemos debe partir desde una estrategia, porque no puedes entrarle a todo de manera irrestricta. Hay que ir ponderando estrat\u00e9gicamente, pero con equilibrio\u201d, concluye.<\/p>[\/et_pb_text][\/et_pb_column][et_pb_column type=\"1_2\" _builder_version=\"4.4.2\"][et_pb_text _builder_version=\"4.4.2\"]<div class=\"hover-bio-wrapper\">\n<div class=\"hover-bio\">\n<figure class=\"hover-bio\" style=\"text-align: center;\"><img loading=\"lazy\" decoding=\"async\" src=\"https:\/\/www.alcaldesdemexico.com\/revista\/wp-content\/uploads\/2022\/10\/Raymundo-Martinez-Carbajal-016.png\" alt=\"\" class=\"wp-image-1185 aligncenter size-large\" width=\"388\" height=\"486\" \/>\n\n&nbsp;\n\n&nbsp;\n\n&nbsp;\n\n<figcaption>\n<p style=\"text-align: center; font-size: large;\"><span><strong>Raymundo Mart\u00ednez Carbajal.\n<\/strong>\n<\/span><\/p>\n\n<\/figcaption>\n<\/figure><\/div>\n<\/div>[\/et_pb_text][\/et_pb_column][\/et_pb_row][\/et_pb_section]\n\n\n","protected":false},"excerpt":{"rendered":"<p>El Municipio\u00a0Hoy\u25ba Toluca El gobierno toluque\u00f1o tiene como prioridad utilizar los recursos que recauda para invertirlos en obra p\u00fablica, generaci\u00f3n de empleo y seguridad p\u00fablica, y as\u00ed salir del estancamiento en el que se encontraba y posicionarse nuevamente como una ciudad faro Reconstruir tejido social, la meta\u25baPor Luis Alberto Hern\u00e1ndez FOTO: ARCHIVO ALCALDES DE M\u00c9XICO [&hellip;]<\/p>\n","protected":false},"author":3,"featured_media":23629,"comment_status":"open","ping_status":"open","sticky":false,"template":"","format":"standard","meta":{"_et_pb_use_builder":"on","_et_pb_old_content":"","_et_gb_content_width":"2880","footnotes":""},"categories":[23,1475,1474],"tags":[],"class_list":["post-23628","post","type-post","status-publish","format-standard","has-post-thumbnail","hentry","category-alcaldes-de-mexico","category-municipio-hoy-noviembre-2022","category-noviembre-2022"],"aioseo_notices":[],"_links":{"self":[{"href":"https:\/\/www.alcaldesdemexico.com\/revista\/wp-json\/wp\/v2\/posts\/23628","targetHints":{"allow":["GET"]}}],"collection":[{"href":"https:\/\/www.alcaldesdemexico.com\/revista\/wp-json\/wp\/v2\/posts"}],"about":[{"href":"https:\/\/www.alcaldesdemexico.com\/revista\/wp-json\/wp\/v2\/types\/post"}],"author":[{"embeddable":true,"href":"https:\/\/www.alcaldesdemexico.com\/revista\/wp-json\/wp\/v2\/users\/3"}],"replies":[{"embeddable":true,"href":"https:\/\/www.alcaldesdemexico.com\/revista\/wp-json\/wp\/v2\/comments?post=23628"}],"version-history":[{"count":5,"href":"https:\/\/www.alcaldesdemexico.com\/revista\/wp-json\/wp\/v2\/posts\/23628\/revisions"}],"predecessor-version":[{"id":23881,"href":"https:\/\/www.alcaldesdemexico.com\/revista\/wp-json\/wp\/v2\/posts\/23628\/revisions\/23881"}],"wp:featuredmedia":[{"embeddable":true,"href":"https:\/\/www.alcaldesdemexico.com\/revista\/wp-json\/wp\/v2\/media\/23629"}],"wp:attachment":[{"href":"https:\/\/www.alcaldesdemexico.com\/revista\/wp-json\/wp\/v2\/media?parent=23628"}],"wp:term":[{"taxonomy":"category","embeddable":true,"href":"https:\/\/www.alcaldesdemexico.com\/revista\/wp-json\/wp\/v2\/categories?post=23628"},{"taxonomy":"post_tag","embeddable":true,"href":"https:\/\/www.alcaldesdemexico.com\/revista\/wp-json\/wp\/v2\/tags?post=23628"}],"curies":[{"name":"wp","href":"https:\/\/api.w.org\/{rel}","templated":true}]}}