{"id":49124,"date":"2026-08-19T17:43:35","date_gmt":"2026-08-19T17:43:35","guid":{"rendered":"https:\/\/www.alcaldesdemexico.com\/revista\/?p=49124"},"modified":"2026-08-28T21:02:23","modified_gmt":"2026-08-28T21:02:23","slug":"salud-municipal","status":"publish","type":"post","link":"https:\/\/www.alcaldesdemexico.com\/revista\/alcaldes-de-mexico\/salud-municipal\/","title":{"rendered":"Salud municipal"},"content":{"rendered":"\n[et_pb_section fb_built=\"1\" _builder_version=\"4.16\" width=\"80%\" width_tablet=\"100%\" width_phone=\"100%\" width_last_edited=\"on|phone\" max_width=\"100%\" module_alignment=\"center\" custom_padding=\"|0px||0px|false|false\" border_color_all=\"#e9ebdd\" border_width_top=\"0px\" global_colors_info=\"{}\" theme_builder_area=\"post_content\"][et_pb_row _builder_version=\"4.16\" global_colors_info=\"{}\" theme_builder_area=\"post_content\"][et_pb_column type=\"4_4\" _builder_version=\"4.16\" global_colors_info=\"{}\" theme_builder_area=\"post_content\"][et_pb_image src=\"https:\/\/www.alcaldesdemexico.com\/revista\/wp-content\/uploads\/2026\/08\/4_11zon-1.webp\" title_text=\"4_11zon (1)\" align=\"center\" _builder_version=\"4.27.4\" hover_enabled=\"0\" global_colors_info=\"{}\" theme_builder_area=\"post_content\" sticky_enabled=\"0\"][\/et_pb_image][\/et_pb_column][\/et_pb_row][et_pb_row _builder_version=\"4.16\" width_tablet=\"100%\" width_phone=\"\" width_last_edited=\"on|desktop\" module_alignment=\"center\" min_height=\"308px\" custom_margin=\"|||118px|false|false\" custom_padding=\"||4px||false|false\" global_colors_info=\"{}\" theme_builder_area=\"post_content\"][et_pb_column type=\"4_4\" _builder_version=\"4.16\" global_colors_info=\"{}\" theme_builder_area=\"post_content\"][et_pb_code _builder_version=\"4.16\" global_colors_info=\"{}\" theme_builder_area=\"post_content\"]<script type=\"text\/javascript\"><!-- [et_pb_line_break_holder] -->\t(function($){<!-- [et_pb_line_break_holder] -->\t$(document).ready(function() {<!-- [et_pb_line_break_holder] -->\t  $( '#videopopup a' ).addClass('popup-video');<!-- [et_pb_line_break_holder] -->\t    $('.popup-video').magnificPopup({<!-- [et_pb_line_break_holder] -->\t        disableOn: 100,<!-- [et_pb_line_break_holder] -->\t        type: 'iframe',<!-- [et_pb_line_break_holder] -->\t        mainClass: 'mfp-fade',<!-- [et_pb_line_break_holder] -->\t        removalDelay: 160,<!-- [et_pb_line_break_holder] -->\t        preloader: false,<!-- [et_pb_line_break_holder] -->\t        fixedContentPos: false<!-- [et_pb_line_break_holder] -->\t    });<!-- [et_pb_line_break_holder] -->\t});<!-- [et_pb_line_break_holder] -->\t})(jQuery)<!-- [et_pb_line_break_holder] --><\/script>[\/et_pb_code][et_pb_text _builder_version=\"4.27.4\" header_font=\"Roboto|900|||||||\" header_text_align=\"center\" header_text_color=\"#000000\" header_font_size=\"67px\" header_2_font=\"Roboto|100|on||||||\" header_2_text_align=\"center\" width=\"80%\" width_tablet=\"\" width_phone=\"100%\" width_last_edited=\"on|desktop\" max_width=\"100%\" module_alignment=\"center\" hover_enabled=\"0\" text_font_size_tablet=\"\" text_font_size_phone=\"\" text_font_size_last_edited=\"on|desktop\" header_font_size_tablet=\"43px\" header_font_size_phone=\"28px\" header_font_size_last_edited=\"on|tablet\" header_2_font_size_tablet=\"\" header_2_font_size_phone=\"\" header_2_font_size_last_edited=\"on|desktop\" global_colors_info=\"{}\" theme_builder_area=\"post_content\" sticky_enabled=\"0\"]<h1 style=\"text-align: center;\"><span>TRATAMIENTO HOL\u00cdSTICO PARA EL BIENESTAR EMOCIONAL<br \/><\/span><\/h1>\n<p>&nbsp;<\/p>\n<h2 style=\"text-align: center;\">Aguascalientes consolida un modelo de atenci\u00f3n preventivo, cercano y gratuito a favor de la salud mental de la poblaci\u00f3n<\/h2>\n<p>&nbsp;<\/p>[\/et_pb_text][\/et_pb_column][\/et_pb_row][et_pb_row column_structure=\"1_2,1_2\" _builder_version=\"4.27.4\" locked=\"off\" global_colors_info=\"{}\" theme_builder_area=\"post_content\"][et_pb_column type=\"1_2\" _builder_version=\"4.27.4\" use_background_color_gradient=\"on\" background_color_gradient_direction=\"90deg\" background_color_gradient_stops=\"#f6f4e5 0%|rgba(255,255,255,0) 36%\" global_colors_info=\"{}\" theme_builder_area=\"post_content\"][et_pb_image src=\"https:\/\/www.alcaldesdemexico.com\/revista\/wp-content\/uploads\/2026\/08\/1.fw_11zon-12.webp\" title_text=\"1.fw_11zon (12)\" _builder_version=\"4.27.4\" _module_preset=\"default\" hover_enabled=\"0\" global_colors_info=\"{}\" theme_builder_area=\"post_content\" sticky_enabled=\"0\"][\/et_pb_image][\/et_pb_column][et_pb_column type=\"1_2\" _builder_version=\"4.16\" global_colors_info=\"{}\" theme_builder_area=\"post_content\"][et_pb_text _builder_version=\"4.27.4\" text_font=\"Roboto|300|||||||\" text_font_size=\"22px\" text_letter_spacing=\"1px\" text_line_height=\"1.8em\" header_text_align=\"center\" header_text_color=\"#628d3c\" header_font_size=\"64px\" header_2_font=\"Roboto|100|on||||||\" header_2_text_align=\"center\" z_index=\"57\" width=\"100%\" module_alignment=\"center\" custom_margin=\"0px||||false|false\" custom_padding=\"0px||0px|0px||\" hover_enabled=\"0\" text_font_size_tablet=\"\" text_font_size_phone=\"\" text_font_size_last_edited=\"on|phone\" header_font_size_tablet=\"33px\" header_font_size_phone=\"35px\" header_font_size_last_edited=\"on|phone\" header_2_font_size_tablet=\"\" header_2_font_size_phone=\"\" header_2_font_size_last_edited=\"on|desktop\" global_colors_info=\"{}\" theme_builder_area=\"post_content\" sticky_enabled=\"0\"]<p><span>Por Astrid Lammoglia Cruz<br \/><span style=\"font-size: small;\">FOTOS: CORTES\u00cdA DEL GOBIERNO MUNICIPAL DE AGUASCALIENTES<br \/><\/span><\/span><\/p>\n<p>La atenci\u00f3n psicol\u00f3gica en la capital de Aguascalientes dej\u00f3 de ser una responsabilidad exclusiva del sector salud, tras la creaci\u00f3n del Instituto Municipal de Salud Mental (IMASAM), una iniciativa impulsada por el gobierno del alcalde Leonardo Monta\u00f1ez Castro, en septiembre de 2022.<\/p>[\/et_pb_text][\/et_pb_column][\/et_pb_row][et_pb_row use_custom_gutter=\"on\" gutter_width=\"1\" _builder_version=\"4.16\" width_tablet=\"\" width_phone=\"87%\" width_last_edited=\"on|desktop\" module_alignment=\"center\" custom_padding=\"||0px|2px||\" global_colors_info=\"{}\" theme_builder_area=\"post_content\"][et_pb_column type=\"4_4\" _builder_version=\"4.16\" global_colors_info=\"{}\" theme_builder_area=\"post_content\"][et_pb_text _builder_version=\"4.27.4\" text_font=\"Roboto|300|||||||\" text_font_size=\"22px\" text_letter_spacing=\"1px\" text_line_height=\"1.8em\" header_text_align=\"center\" header_text_color=\"#628d3c\" header_font_size=\"64px\" header_2_font=\"Roboto|100|on||||||\" header_2_text_align=\"center\" z_index=\"57\" width=\"100%\" module_alignment=\"center\" custom_margin=\"0px||||false|false\" custom_padding=\"0px||0px|||\" hover_enabled=\"0\" text_font_size_tablet=\"\" text_font_size_phone=\"\" text_font_size_last_edited=\"on|phone\" header_font_size_tablet=\"33px\" header_font_size_phone=\"35px\" header_font_size_last_edited=\"on|phone\" header_2_font_size_tablet=\"\" header_2_font_size_phone=\"\" header_2_font_size_last_edited=\"on|desktop\" global_colors_info=\"{}\" theme_builder_area=\"post_content\" sticky_enabled=\"0\"]<p dir=\"ltr\">La idea surgi\u00f3 como compromiso de campa\u00f1a y evolucion\u00f3 hasta convertirse en un instituto de vanguardia que responde a una pol\u00edtica p\u00fablica municipal, para brindar servicios de salud mental de manera preventiva, gratuita y cercana a la gente. El proyecto parte de la convicci\u00f3n de que atender la salud emocional tambi\u00e9n es una responsabilidad del gobierno local. \"Algunos expertos nos aconsejaron que hac\u00eda falta atender la salud emocional, pero sobre todo de manera gratuita, porque para muchas familias acceder a una terapia privada resulta muy costoso y no tienen el alcance para recibir un tratamiento\", explica el edil.<\/p>\n<p dir=\"ltr\">La estrategia parte de una premisa sencilla: una ciudad no mejora \u00fanicamente mediante la construcci\u00f3n de calles, puentes o espacios p\u00fablicos, tambi\u00e9n avanza cuando fortalece el bienestar emocional de quienes la habitan. En ese sentido, el Presidente Municipal afirma: \"Los gobiernos nos enfocamos siempre en la obra p\u00fablica y no en la obra humana\".<\/p>\n<p dir=\"ltr\">Uno de los principales retos que enfrenta Aguascalientes es combatir los prejuicios que a\u00fan rodean la salud mental. \"Recibir atenci\u00f3n psicol\u00f3gica es algo muy normal. Todos en alg\u00fan momento de nuestra vida necesitamos ser escuchados y nadie tiene porqu\u00e9 avergonzarse por eso\", sostiene el alcalde.<\/p>\n<p><strong>Modelo integral<\/strong><\/p>\n<p dir=\"ltr\">Brenda Yaneli Barrientos Delgado, Directora General del IMASAM, explica que el principal diferenciador del instituto es su enfoque preventivo: \"No basta con atender una crisis, es necesario trabajar desde la prevenci\u00f3n, la detecci\u00f3n oportuna y el acompa\u00f1amiento integral de las personas\".<\/p>\n<p dir=\"ltr\">Antes de iniciar cualquier procedimiento, cada usuario recibe una valoraci\u00f3n en la que especialistas identifican sus necesidades y determinan si requiere atenci\u00f3n psicol\u00f3gica o seguimiento especializado. Cuando detectan la necesidad de tratamiento psiqui\u00e1trico, el instituto mantiene coordinaci\u00f3n con el Hospital de Psiquiatr\u00eda del estado para garantizar la continuidad de la atenci\u00f3n. \"Dependiendo de la necesidad puntual, podemos trabajar con toda la familia, con grupos o con la comunidad. Esa intervenci\u00f3n integral es una de las caracter\u00edsticas que distingue nuestro modelo\", enfatiza Barrientos Delgado.<\/p>\n<p dir=\"ltr\">El instituto opera con un equipo conformado por alrededor de 50 profesionales, entre psic\u00f3logos, trabajadoras sociales y especialistas con distintos perfiles cl\u00ednicos. Para ser parte del equipo de soporte, los aspirantes deben contar, como requisito m\u00ednimo, con t\u00edtulo profesional en Psicolog\u00eda, c\u00e9dula y registro correspondiente, y seg\u00fan el \u00e1rea de atenci\u00f3n, el instituto incorpora profesionales con formaci\u00f3n especializada.<\/p>[\/et_pb_text][\/et_pb_column][\/et_pb_row][et_pb_row _builder_version=\"4.16\" global_colors_info=\"{}\" theme_builder_area=\"post_content\"][et_pb_column type=\"4_4\" _builder_version=\"4.16\" global_colors_info=\"{}\" theme_builder_area=\"post_content\"][et_pb_image src=\"https:\/\/www.alcaldesdemexico.com\/revista\/wp-content\/uploads\/2026\/08\/2.fw_11zon-11-scaled.webp\" force_fullwidth=\"on\" _builder_version=\"4.27.4\" hover_enabled=\"0\" global_colors_info=\"{}\" theme_builder_area=\"post_content\" title_text=\"2.fw_11zon (11)\" sticky_enabled=\"0\"][\/et_pb_image][\/et_pb_column][\/et_pb_row][et_pb_row column_structure=\"2_3,1_3\" _builder_version=\"4.16\" global_colors_info=\"{}\" theme_builder_area=\"post_content\"][et_pb_column type=\"2_3\" _builder_version=\"4.16\" global_colors_info=\"{}\" theme_builder_area=\"post_content\"][et_pb_text _builder_version=\"4.27.4\" text_font=\"Roboto|300|||||||\" text_font_size=\"22px\" text_letter_spacing=\"1px\" text_line_height=\"1.8em\" header_text_align=\"center\" header_text_color=\"#628d3c\" header_font_size=\"64px\" header_2_font=\"Roboto|100|on||||||\" header_2_text_align=\"center\" z_index=\"57\" width=\"100%\" module_alignment=\"center\" custom_margin=\"0px||||false|false\" custom_padding=\"0px||0px|||\" hover_enabled=\"0\" text_font_size_tablet=\"\" text_font_size_phone=\"\" text_font_size_last_edited=\"on|phone\" header_font_size_tablet=\"33px\" header_font_size_phone=\"35px\" header_font_size_last_edited=\"on|phone\" header_2_font_size_tablet=\"\" header_2_font_size_phone=\"\" header_2_font_size_last_edited=\"on|desktop\" global_colors_info=\"{}\" theme_builder_area=\"post_content\" sticky_enabled=\"0\"]<p><strong>Principales componentes<\/strong><\/p>\n<p dir=\"ltr\">Desde su creaci\u00f3n, el IMASAM ha brindado atenci\u00f3n a m\u00e1s de 56 mil personas mediante programas presenciales, comunitarios y a distancia. El programa \u00c1rbol de Vida, dirigido a adolescentes, ha atendido a m\u00e1s de 11 mil usuarios mediante terapia individual, familiar, de pareja y grupal. M\u00e1s de 14 mil ciudadanos han participado en Brigadas Comunitarias de sensibilizaci\u00f3n sobre salud emocional, adem\u00e1s de recibir atenci\u00f3n a trav\u00e9s de un consultorio m\u00f3vil que acerca los servicios psicol\u00f3gicos a distintas zonas del municipio.<\/p>\n<p dir=\"ltr\">Los Centros de Infancia Feliz son uno de los principales componentes del modelo. Actualmente operan cuatro centros distribuidos estrat\u00e9gicamente en diferentes zonas del municipio, donde menores de entre 4 y 14 a\u00f1os, junto con sus familias, reciben atenci\u00f3n psicol\u00f3gica gratuita. Cada sede brinda servicio de 7:00 a 21:00 horas en turnos matutinos y vespertinos, lo que permite ofrecer entre 45 y 50 sesiones diarias. Desde su creaci\u00f3n, estos espacios han atendido a m\u00e1s de 37 mil ni\u00f1os y padres de familia, consolid\u00e1ndose como uno de los programas preventivos con mayor alcance en el municipio.<\/p>\n<p dir=\"ltr\">La alta demanda llev\u00f3 al municipio a planear un quinto centro en la colonia Santa Anita. \"Llegamos a tener listas de espera de hasta tres meses. Por eso reforzamos los Centros de Infancia Feliz y estamos por abrir uno m\u00e1s, porque la demanda nos ha rebasado\", precisa el alcalde.<\/p>[\/et_pb_text][\/et_pb_column][et_pb_column type=\"1_3\" _builder_version=\"4.16\" background_color=\"#ffffff\" global_colors_info=\"{}\" theme_builder_area=\"post_content\"][et_pb_text ul_type=\"none\" ul_position=\"inside\" _builder_version=\"4.27.4\" text_font=\"Roboto|700|||||||\" text_text_color=\"#FFFFFF\" text_font_size=\"22px\" text_letter_spacing=\"1px\" text_line_height=\"1.8em\" ul_font=\"Roboto|500||on|||||\" ul_text_color=\"#97999b\" ol_font=\"Roboto|500|||||||\" ol_text_color=\"#e09900\" header_text_align=\"center\" header_text_color=\"#628d3c\" header_font_size=\"64px\" header_2_font=\"Roboto|100|on||||||\" header_2_text_align=\"center\" background_color=\"#f3cb51\" z_index=\"57\" width=\"100%\" module_alignment=\"center\" custom_margin=\"0px||||false|false\" custom_padding=\"25px|10px|25px|10px|false|false\" hover_enabled=\"0\" text_font_size_tablet=\"\" text_font_size_phone=\"\" text_font_size_last_edited=\"on|phone\" header_font_size_tablet=\"33px\" header_font_size_phone=\"35px\" header_font_size_last_edited=\"on|phone\" header_2_font_size_tablet=\"\" header_2_font_size_phone=\"\" header_2_font_size_last_edited=\"on|desktop\" border_color_all=\"#f15322\" global_colors_info=\"{}\" theme_builder_area=\"post_content\" sticky_enabled=\"0\"]<span style=\"color: #ed6944;\"><strong>\u2731 <\/strong><\/span><span style=\"font-weight: 400;\">M\u00e1s de 56 mil personas han recibido atenci\u00f3n psicol\u00f3gica gratuita especializada a trav\u00e9s del IMASAM desde 2022<\/span>[\/et_pb_text][et_pb_text ul_type=\"none\" ul_position=\"inside\" _builder_version=\"4.27.4\" text_font=\"Roboto|700|||||||\" text_text_color=\"#FFFFFF\" text_font_size=\"22px\" text_letter_spacing=\"1px\" text_line_height=\"1.8em\" ul_font=\"Roboto|500||on|||||\" ul_text_color=\"#97999b\" ol_font=\"Roboto|500|||||||\" ol_text_color=\"#e09900\" header_text_align=\"center\" header_text_color=\"#628d3c\" header_font_size=\"64px\" header_2_font=\"Roboto|100|on||||||\" header_2_text_align=\"center\" background_color=\"#ed6944\" z_index=\"57\" width=\"100%\" module_alignment=\"center\" custom_margin=\"0px||||false|false\" custom_padding=\"25px|10px|25px|10px|false|false\" hover_enabled=\"0\" text_font_size_tablet=\"\" text_font_size_phone=\"\" text_font_size_last_edited=\"on|phone\" header_font_size_tablet=\"33px\" header_font_size_phone=\"35px\" header_font_size_last_edited=\"on|phone\" header_2_font_size_tablet=\"\" header_2_font_size_phone=\"\" header_2_font_size_last_edited=\"on|desktop\" border_color_all=\"#f15322\" global_colors_info=\"{}\" theme_builder_area=\"post_content\" sticky_enabled=\"0\"]<span style=\"color: #519f94;\"><strong>\u2731 <\/strong><\/span><span style=\"font-weight: 400;\">El instituto opera con cerca de 50 profesionales entre psic\u00f3logos, trabajadoras sociales y especialistas cl\u00ednicos<\/span>[\/et_pb_text][et_pb_text ul_type=\"none\" ul_position=\"inside\" _builder_version=\"4.27.4\" text_font=\"Roboto|700|||||||\" text_text_color=\"#FFFFFF\" text_font_size=\"22px\" text_letter_spacing=\"1px\" text_line_height=\"1.8em\" ul_font=\"Roboto|500||on|||||\" ul_text_color=\"#97999b\" ol_font=\"Roboto|500|||||||\" ol_text_color=\"#e09900\" header_text_align=\"center\" header_text_color=\"#628d3c\" header_font_size=\"64px\" header_2_font=\"Roboto|100|on||||||\" header_2_text_align=\"center\" background_color=\"#169080\" z_index=\"57\" width=\"100%\" module_alignment=\"center\" custom_margin=\"0px||||false|false\" custom_padding=\"25px|10px|25px|10px|false|false\" hover_enabled=\"0\" text_font_size_tablet=\"\" text_font_size_phone=\"\" text_font_size_last_edited=\"on|phone\" header_font_size_tablet=\"33px\" header_font_size_phone=\"35px\" header_font_size_last_edited=\"on|phone\" header_2_font_size_tablet=\"\" header_2_font_size_phone=\"\" header_2_font_size_last_edited=\"on|desktop\" border_color_all=\"#f15322\" global_colors_info=\"{}\" theme_builder_area=\"post_content\" sticky_enabled=\"0\"]<span style=\"color: #e5c754;\"><strong>\u2731 <\/strong><\/span><span style=\"font-weight: 400;\">Alrededor de 320 escuelas participan en el programa Aprendiendo a Cuidarme, impulsado por el IMASAM<\/span>[\/et_pb_text][\/et_pb_column][\/et_pb_row][et_pb_row use_custom_gutter=\"on\" gutter_width=\"1\" _builder_version=\"4.16\" width_tablet=\"\" width_phone=\"87%\" width_last_edited=\"on|desktop\" module_alignment=\"center\" custom_padding=\"||0px|2px||\" global_colors_info=\"{}\" theme_builder_area=\"post_content\"][et_pb_column type=\"4_4\" _builder_version=\"4.16\" global_colors_info=\"{}\" theme_builder_area=\"post_content\"][et_pb_text _builder_version=\"4.27.4\" text_font=\"Roboto|900|||||||\" text_font_size=\"22px\" text_letter_spacing=\"1px\" text_line_height=\"1.8em\" header_font=\"Roboto||||||||\" header_text_align=\"center\" header_text_color=\"#808285\" header_font_size=\"42px\" header_2_font=\"Roboto|100|on||||||\" header_2_text_align=\"center\" header_3_font=\"Roboto|900|||||||\" header_3_text_align=\"center\" header_3_text_color=\"#a8a8a8\" header_3_font_size=\"33px\" z_index=\"57\" width=\"100%\" module_alignment=\"center\" custom_margin=\"0px||||false|false\" custom_padding=\"0px||0px|||\" hover_enabled=\"0\" text_font_size_tablet=\"\" text_font_size_phone=\"\" text_font_size_last_edited=\"on|phone\" header_font_size_tablet=\"24px\" header_font_size_phone=\"25px\" header_font_size_last_edited=\"on|desktop\" header_2_font_size_tablet=\"\" header_2_font_size_phone=\"\" header_2_font_size_last_edited=\"on|desktop\" global_colors_info=\"{}\" theme_builder_area=\"post_content\" sticky_enabled=\"0\"]<h3><span style=\"font-weight: 400;\"><span>\"Recibir atenci\u00f3n psicol\u00f3gica es algo muy normal. Todos en alg\u00fan momento de nuestra vida necesitamos ser escuchados.\"<\/span><\/span><\/h3>[\/et_pb_text][et_pb_team_member name=\"Leonardo Monta\u00f1ez Castro\" position=\"Presidente Municipal de Aguascalientes, Ags.\" image_url=\"https:\/\/www.alcaldesdemexico.com\/revista\/wp-content\/uploads\/2026\/08\/3.fw_11zon-10.webp\" use_icon_font_size=\"on\" _builder_version=\"4.27.4\" _module_preset=\"default\" header_font=\"Roboto|300|||||||\" header_text_color=\"#a3a4a7\" header_font_size=\"20px\" position_font=\"Roboto||||||||\" position_text_color=\"#000000\" position_font_size=\"20px\" position_line_height=\"1.5em\" text_orientation=\"right\" hover_enabled=\"0\" header_font_size_tablet=\"18px\" header_font_size_phone=\"18px\" header_font_size_last_edited=\"on|tablet\" body_text_align_tablet=\"\" body_text_align_phone=\"center\" body_text_align_last_edited=\"on|desktop\" body_font_size_phone=\"1px\" body_font_size_last_edited=\"off|phone\" position_font_size_tablet=\"18px\" position_font_size_phone=\"17px\" position_font_size_last_edited=\"on|desktop\" custom_css_main_element=\"display: flex;||flex-direction: row-reverse;||align-items: center;||gap: 30px;||margin-bottom: 0px !important;||display: flex;||flex-direction: row-reverse;||align-items: flex-end; \/* Esta es la l\u00ednea que cambia todo hacia abajo *\/||gap: 30px;||padding-bottom: 0px !important;||margin-bottom: 0px !important;||display: flex;||flex-direction: row-reverse;||align-items: flex-end;\" custom_css_member_image=\"width: 150px !important; ||margin-bottom: 0px !important;||margin-left: 20px !important;\" global_colors_info=\"{}\" custom_css_main_element_last_edited=\"on|phone\" custom_css_main_element_phone=\"width: 150px !important;||margin: 0 auto 20px auto !important;\" custom_css_main_element_tablet=\"display: flex;||flex-direction: row-reverse;||align-items: center;||gap: 30px;||margin-bottom: 0px !important;||display: flex;||flex-direction: row-reverse;||align-items: flex-end; \/* Esta es la l\u00ednea que cambia todo hacia abajo *\/||gap: 30px;||padding-bottom: 0px !important;||margin-bottom: 0px !important;||display: flex;||flex-direction: row-reverse;||align-items: flex-end;\" custom_css_member_image_last_edited=\"on|phone\" custom_css_member_image_phone=\"br\" custom_css_member_image_tablet=\"width: 150px !important; ||margin-bottom: 0px !important;||margin-left: 20px !important;\" theme_builder_area=\"post_content\" sticky_enabled=\"0\" title_text=\"3.fw_11zon (10)\"][\/et_pb_team_member][\/et_pb_column][\/et_pb_row][et_pb_row use_custom_gutter=\"on\" gutter_width=\"1\" _builder_version=\"4.16\" width_tablet=\"\" width_phone=\"87%\" width_last_edited=\"on|desktop\" module_alignment=\"center\" custom_padding=\"||0px|2px||\" global_colors_info=\"{}\" theme_builder_area=\"post_content\"][et_pb_column type=\"4_4\" _builder_version=\"4.16\" global_colors_info=\"{}\" theme_builder_area=\"post_content\"][et_pb_text _builder_version=\"4.27.4\" text_font=\"Roboto|300|||||||\" text_font_size=\"22px\" text_letter_spacing=\"1px\" text_line_height=\"1.8em\" header_text_align=\"center\" header_text_color=\"#628d3c\" header_font_size=\"64px\" header_2_font=\"Roboto|100|on||||||\" header_2_text_align=\"center\" z_index=\"57\" width=\"100%\" module_alignment=\"center\" custom_margin=\"0px||||false|false\" custom_padding=\"0px||0px|||\" hover_enabled=\"0\" text_font_size_tablet=\"\" text_font_size_phone=\"\" text_font_size_last_edited=\"on|phone\" header_font_size_tablet=\"33px\" header_font_size_phone=\"35px\" header_font_size_last_edited=\"on|phone\" header_2_font_size_tablet=\"\" header_2_font_size_phone=\"\" header_2_font_size_last_edited=\"on|desktop\" global_colors_info=\"{}\" theme_builder_area=\"post_content\" sticky_enabled=\"0\"]<p dir=\"ltr\">Otro componente clave son las intervenciones en escuelas a trav\u00e9s del programa Aprendiendo a Cuidarme, mediante el cual especialistas visitan planteles educativos para trabajar no solo con estudiantes, sino tambi\u00e9n con docentes y padres de familia. \"Los maestros ya cuentan con herramientas para identificar se\u00f1ales de alerta y compartirlas con las familias, lo que nos permite intervenir antes de que los problemas se agraven\", destaca Barrientos Delgado.<\/p>\n<p dir=\"ltr\">Hasta ahora, el programa ha llegado a 320 escuelas y ha beneficiado a m\u00e1s de 49 mil estudiantes, docentes y familias, a trav\u00e9s de talleres enfocados en crianza positiva, manejo emocional, prevenci\u00f3n del maltrato infantil y fortalecimiento de la convivencia escolar.<\/p>\n<p dir=\"ltr\">Adem\u00e1s, el instituto implement\u00f3 un modelo de telepsicoterapia que brinda seguimiento remoto a personas con dificultades de movilidad, adultos mayores o habitantes de comunidades rurales. Tambi\u00e9n cuenta con una l\u00ednea telef\u00f3nica disponible 24 horas, los 365 d\u00edas del a\u00f1o, para brindar orientaci\u00f3n inmediata. Esta modalidad ha beneficiado a m\u00e1s de 6,500 personas. \"Hay ciudadanos que por la distancia o por alguna discapacidad no pueden trasladarse f\u00e1cilmente. La atenci\u00f3n psicol\u00f3gica en l\u00ednea facilita el acceso y garantiza que nadie quede sin recibir apoyo\", explica la funcionaria.<\/p>\n<p><strong>Transformar vidas<\/strong><\/p>\n<p dir=\"ltr\">Las cifras muestran el crecimiento del IMASAM, pero quienes encabezan el proyecto coinciden en que el verdadero impacto no puede medirse \u00fanicamente por el n\u00famero de consultas otorgadas. Detr\u00e1s de cada estad\u00edstica existe una historia de vida. \"Las cifras son importantes, pero cuando hablamos de decenas de miles de personas atendidas, a veces perdemos de vista lo m\u00e1s valioso. A m\u00ed me gusta m\u00e1s hablar de los testimonios, de las historias de quienes recuperaron su tranquilidad o cambiaron su forma de vivir\", afirma Monta\u00f1ez Castro.<\/p>\n<p dir=\"ltr\">El alcalde asevera tambi\u00e9n que Aguascalientes es un referente para otros municipios, y que cuando una pol\u00edtica p\u00fablica muestra resultados y la ciudadan\u00eda la hace suya, dif\u00edcilmente desaparece; por el contrario, gana solidez.<\/p>\n<p dir=\"ltr\">El reconocimiento al IMASAM ha trascendido a nivel internacional. Gracias al convenio entre el ayuntamiento y la Agencia de la ONU para los Refugiados (ACNUR), el instituto brinda atenci\u00f3n psicol\u00f3gica a ni\u00f1os y familias migrantes con estancia regular en M\u00e9xico, ampliando as\u00ed el alcance de una pol\u00edtica p\u00fablica originalmente dise\u00f1ada para la poblaci\u00f3n local.<\/p>\n<p dir=\"ltr\">Para Leonardo Monta\u00f1ez, la discusi\u00f3n no debe centrarse en cu\u00e1nto cuesta invertir en salud emocional, sino en lo que se pierde por no hacerlo. \"Si comparamos los costos con los resultados, realmente no es un gasto, es una inversi\u00f3n. En una sociedad que vive cada vez m\u00e1s r\u00e1pido, todos necesitamos ser escuchados. A veces una escucha activa cambia la vida de una persona\", concluye.<\/p>[\/et_pb_text][\/et_pb_column][\/et_pb_row][\/et_pb_section]\n","protected":false},"excerpt":{"rendered":"<p>Aguascalientes consolida un modelo de atenci\u00f3n preventivo, cercano y gratuito a favor de la salud mental de la poblaci\u00f3n<\/p>\n","protected":false},"author":3,"featured_media":49127,"comment_status":"open","ping_status":"open","sticky":false,"template":"","format":"standard","meta":{"_et_pb_use_builder":"on","_et_pb_old_content":"","_et_gb_content_width":"2880","footnotes":""},"categories":[23,1603,1602],"tags":[],"class_list":["post-49124","post","type-post","status-publish","format-standard","has-post-thumbnail","hentry","category-alcaldes-de-mexico","category-aniversario-2026","category-septiembre-2026"],"aioseo_notices":[],"_links":{"self":[{"href":"https:\/\/www.alcaldesdemexico.com\/revista\/wp-json\/wp\/v2\/posts\/49124","targetHints":{"allow":["GET"]}}],"collection":[{"href":"https:\/\/www.alcaldesdemexico.com\/revista\/wp-json\/wp\/v2\/posts"}],"about":[{"href":"https:\/\/www.alcaldesdemexico.com\/revista\/wp-json\/wp\/v2\/types\/post"}],"author":[{"embeddable":true,"href":"https:\/\/www.alcaldesdemexico.com\/revista\/wp-json\/wp\/v2\/users\/3"}],"replies":[{"embeddable":true,"href":"https:\/\/www.alcaldesdemexico.com\/revista\/wp-json\/wp\/v2\/comments?post=49124"}],"version-history":[{"count":3,"href":"https:\/\/www.alcaldesdemexico.com\/revista\/wp-json\/wp\/v2\/posts\/49124\/revisions"}],"predecessor-version":[{"id":49132,"href":"https:\/\/www.alcaldesdemexico.com\/revista\/wp-json\/wp\/v2\/posts\/49124\/revisions\/49132"}],"wp:featuredmedia":[{"embeddable":true,"href":"https:\/\/www.alcaldesdemexico.com\/revista\/wp-json\/wp\/v2\/media\/49127"}],"wp:attachment":[{"href":"https:\/\/www.alcaldesdemexico.com\/revista\/wp-json\/wp\/v2\/media?parent=49124"}],"wp:term":[{"taxonomy":"category","embeddable":true,"href":"https:\/\/www.alcaldesdemexico.com\/revista\/wp-json\/wp\/v2\/categories?post=49124"},{"taxonomy":"post_tag","embeddable":true,"href":"https:\/\/www.alcaldesdemexico.com\/revista\/wp-json\/wp\/v2\/tags?post=49124"}],"curies":[{"name":"wp","href":"https:\/\/api.w.org\/{rel}","templated":true}]}}