{"id":49133,"date":"2026-08-19T17:54:43","date_gmt":"2026-08-19T17:54:43","guid":{"rendered":"https:\/\/www.alcaldesdemexico.com\/revista\/?p=49133"},"modified":"2026-08-28T22:32:28","modified_gmt":"2026-08-28T22:32:28","slug":"bienestar-emocional","status":"publish","type":"post","link":"https:\/\/www.alcaldesdemexico.com\/revista\/alcaldes-de-mexico\/bienestar-emocional\/","title":{"rendered":"Bienestar emocional"},"content":{"rendered":"\n[et_pb_section fb_built=\"1\" _builder_version=\"4.16\" width=\"80%\" width_tablet=\"100%\" width_phone=\"100%\" width_last_edited=\"on|phone\" max_width=\"100%\" module_alignment=\"center\" custom_padding=\"|0px||0px|false|false\" border_color_all=\"#e9ebdd\" border_width_top=\"0px\" global_colors_info=\"{}\"][et_pb_row _builder_version=\"4.16\" global_colors_info=\"{}\"][et_pb_column type=\"4_4\" _builder_version=\"4.16\" global_colors_info=\"{}\"][et_pb_image src=\"https:\/\/www.alcaldesdemexico.com\/revista\/wp-content\/uploads\/2026\/08\/4_11zon-2.webp\" title_text=\"4_11zon (2)\" align=\"center\" _builder_version=\"4.27.4\" global_colors_info=\"{}\"][\/et_pb_image][\/et_pb_column][\/et_pb_row][et_pb_row _builder_version=\"4.16\" width_tablet=\"100%\" width_phone=\"\" width_last_edited=\"on|desktop\" module_alignment=\"center\" min_height=\"308px\" custom_margin=\"|||118px|false|false\" custom_padding=\"||4px||false|false\" global_colors_info=\"{}\"][et_pb_column type=\"4_4\" _builder_version=\"4.16\" global_colors_info=\"{}\"][et_pb_code _builder_version=\"4.16\" global_colors_info=\"{}\"]<script type=\"text\/javascript\"><!-- [et_pb_line_break_holder] -->\t(function($){<!-- [et_pb_line_break_holder] -->\t$(document).ready(function() {<!-- [et_pb_line_break_holder] -->\t  $( '#videopopup a' ).addClass('popup-video');<!-- [et_pb_line_break_holder] -->\t    $('.popup-video').magnificPopup({<!-- [et_pb_line_break_holder] -->\t        disableOn: 100,<!-- [et_pb_line_break_holder] -->\t        type: 'iframe',<!-- [et_pb_line_break_holder] -->\t        mainClass: 'mfp-fade',<!-- [et_pb_line_break_holder] -->\t        removalDelay: 160,<!-- [et_pb_line_break_holder] -->\t        preloader: false,<!-- [et_pb_line_break_holder] -->\t        fixedContentPos: false<!-- [et_pb_line_break_holder] -->\t    });<!-- [et_pb_line_break_holder] -->\t});<!-- [et_pb_line_break_holder] -->\t})(jQuery)<!-- [et_pb_line_break_holder] --><\/script>[\/et_pb_code][et_pb_text _builder_version=\"4.27.4\" header_font=\"Roboto|900|||||||\" header_text_align=\"center\" header_text_color=\"#000000\" header_font_size=\"67px\" header_2_font=\"Roboto|100|on||||||\" header_2_text_align=\"center\" width=\"80%\" width_tablet=\"\" width_phone=\"100%\" width_last_edited=\"on|desktop\" max_width=\"100%\" module_alignment=\"center\" hover_enabled=\"0\" text_font_size_tablet=\"\" text_font_size_phone=\"\" text_font_size_last_edited=\"on|desktop\" header_font_size_tablet=\"43px\" header_font_size_phone=\"28px\" header_font_size_last_edited=\"on|tablet\" header_2_font_size_tablet=\"\" header_2_font_size_phone=\"\" header_2_font_size_last_edited=\"on|desktop\" global_colors_info=\"{}\" sticky_enabled=\"0\"]<h1 style=\"text-align: center;\"><span>SERVICIO ESPECIALIZADO QUE INHIBE PROBLEM\u00c1TICAS SOCIALES<br \/><\/span><\/h1>\n<p>&nbsp;<\/p>\n<h2 style=\"text-align: center;\">Centro Vive es resultado de una pol\u00edtica p\u00fablica que prioriza la prevenci\u00f3n para la construcci\u00f3n de entornos saludables<\/h2>[\/et_pb_text][\/et_pb_column][\/et_pb_row][et_pb_row column_structure=\"1_2,1_2\" _builder_version=\"4.27.4\" locked=\"off\" global_colors_info=\"{}\"][et_pb_column type=\"1_2\" _builder_version=\"4.27.4\" use_background_color_gradient=\"on\" background_color_gradient_direction=\"90deg\" background_color_gradient_stops=\"#f6f4e5 0%|rgba(255,255,255,0) 36%\" global_colors_info=\"{}\"][et_pb_image src=\"https:\/\/www.alcaldesdemexico.com\/revista\/wp-content\/uploads\/2026\/08\/1.fw_11zon-13.webp\" title_text=\"1.fw_11zon (13)\" _builder_version=\"4.27.4\" _module_preset=\"default\" global_colors_info=\"{}\"][\/et_pb_image][\/et_pb_column][et_pb_column type=\"1_2\" _builder_version=\"4.16\" global_colors_info=\"{}\"][et_pb_text _builder_version=\"4.27.4\" text_font=\"Roboto|300|||||||\" text_font_size=\"22px\" text_letter_spacing=\"1px\" text_line_height=\"1.8em\" header_text_align=\"center\" header_text_color=\"#628d3c\" header_font_size=\"64px\" header_2_font=\"Roboto|100|on||||||\" header_2_text_align=\"center\" z_index=\"57\" width=\"100%\" module_alignment=\"center\" custom_margin=\"0px||||false|false\" custom_padding=\"0px||0px|0px||\" text_font_size_tablet=\"\" text_font_size_phone=\"\" text_font_size_last_edited=\"on|phone\" header_font_size_tablet=\"33px\" header_font_size_phone=\"35px\" header_font_size_last_edited=\"on|phone\" header_2_font_size_tablet=\"\" header_2_font_size_phone=\"\" header_2_font_size_last_edited=\"on|desktop\" global_colors_info=\"{}\"]<p><span>Por Soffia Carolina Segura Caballero<span style=\"font-size: small;\"><br \/><\/span><\/span><\/p>\n<p>La salud mental suele ocupar un lugar secundario en la agenda p\u00fablica municipal. Los gobiernos concentran gran parte de sus esfuerzos en infraestructura, seguridad y servicios b\u00e1sicos, mientras problem\u00e1ticas como la ansiedad, la depresi\u00f3n, las adicciones, la violencia familiar y el deterioro del bienestar emocional permanecen invisibles, pese a su impacto directo en la calidad de vida de las personas.<\/p>[\/et_pb_text][\/et_pb_column][\/et_pb_row][et_pb_row use_custom_gutter=\"on\" gutter_width=\"1\" _builder_version=\"4.16\" width_tablet=\"\" width_phone=\"87%\" width_last_edited=\"on|desktop\" module_alignment=\"center\" custom_padding=\"||0px|2px||\" global_colors_info=\"{}\"][et_pb_column type=\"4_4\" _builder_version=\"4.16\" global_colors_info=\"{}\"][et_pb_text _builder_version=\"4.27.4\" text_font=\"Roboto|300|||||||\" text_font_size=\"22px\" text_letter_spacing=\"1px\" text_line_height=\"1.8em\" header_text_align=\"center\" header_text_color=\"#628d3c\" header_font_size=\"64px\" header_2_font=\"Roboto|100|on||||||\" header_2_text_align=\"center\" z_index=\"57\" width=\"100%\" module_alignment=\"center\" custom_margin=\"0px||||false|false\" custom_padding=\"0px||0px|||\" text_font_size_tablet=\"\" text_font_size_phone=\"\" text_font_size_last_edited=\"on|phone\" header_font_size_tablet=\"33px\" header_font_size_phone=\"35px\" header_font_size_last_edited=\"on|phone\" header_2_font_size_tablet=\"\" header_2_font_size_phone=\"\" header_2_font_size_last_edited=\"on|desktop\" global_colors_info=\"{}\"]<p dir=\"ltr\">En El Marqu\u00e9s, Quer\u00e9taro, el gobierno municipal decidi\u00f3 innovar al reconocer que atender la salud mental tambi\u00e9n forma parte de sus responsabilidades. Bajo ese concepto surge Centro Vive, un instituto de salud municipal pionero en su tipo, que hoy representa una de las iniciativas m\u00e1s innovadoras de atenci\u00f3n comunitaria a nivel estatal.<\/p>\n<p dir=\"ltr\">M\u00e1s que un espacio para consultas psicol\u00f3gicas, Centro Vive fue concebido como respuesta a una pol\u00edtica p\u00fablica de salud municipal que busca prevenir, atender y acompa\u00f1ar a las personas desde una perspectiva integral. El proyecto parte de la premisa de que los problemas relacionados con la salud mental rara vez afectan \u00fanicamente a una persona, puesto que impactan a nivel familiar.<\/p>\n<p dir=\"ltr\">El Presidente Municipal de El Marqu\u00e9s, Rodrigo Monsalvo Castel\u00e1n, explica que el prototipo surgi\u00f3 despu\u00e9s de identificar una necesidad reiterada entre la poblaci\u00f3n: \"Al recorrer las comunidades y escuchar a las familias encontramos que muchas de las problem\u00e1ticas que m\u00e1s preocupaban ten\u00edan un mismo origen: la necesidad de atender la salud mental de manera oportuna\", se\u00f1ala.<\/p>\n<p dir=\"ltr\">A partir de ese diagn\u00f3stico, la administraci\u00f3n municipal impuls\u00f3 un esquema que deja atr\u00e1s la atenci\u00f3n reactiva para privilegiar la prevenci\u00f3n, el acompa\u00f1amiento temprano y la construcci\u00f3n de entornos saludables.<\/p>\n<p dir=\"ltr\">Los resultados muestran la materializaci\u00f3n del proyecto. Durante los dos primeros a\u00f1os de la actual administraci\u00f3n, Centro Vive registr\u00f3 111 mil 881 atenciones mediante consultas psicol\u00f3gicas, psiqui\u00e1tricas, m\u00e9dicas, programas preventivos, intervenciones comunitarias, subsidios para rehabilitaci\u00f3n y actividades de terapia ocupacional.<\/p>\n<p dir=\"ltr\">El crecimiento superior al 459 por ciento en la demanda demuestra un cambio cultural profundo. Cada vez m\u00e1s personas buscan apoyo antes de enfrentar una crisis severa, a la vez que familias, docentes y empresas participan con mayor apertura en acciones relacionadas con el bienestar emocional.<\/p>\n<p dir=\"ltr\">Actualmente, 7 de cada 10 escuelas secundarias, telesecundarias y secundarias t\u00e9cnicas del municipio cuentan con un psic\u00f3logo permanente de Centro Vive, lo que permite identificar oportunamente factores de riesgo y fortalecer habilidades socioemocionales en ni\u00f1os, j\u00f3venes y adultos.<\/p>[\/et_pb_text][\/et_pb_column][\/et_pb_row][et_pb_row _builder_version=\"4.16\" global_colors_info=\"{}\"][et_pb_column type=\"4_4\" _builder_version=\"4.16\" global_colors_info=\"{}\"][et_pb_image src=\"https:\/\/www.alcaldesdemexico.com\/revista\/wp-content\/uploads\/2026\/08\/2.fw_11zon-12-scaled.webp\" title_text=\"2.fw_11zon (12)\" force_fullwidth=\"on\" _builder_version=\"4.27.4\" global_colors_info=\"{}\"][\/et_pb_image][\/et_pb_column][\/et_pb_row][et_pb_row column_structure=\"2_3,1_3\" _builder_version=\"4.16\" global_colors_info=\"{}\"][et_pb_column type=\"2_3\" _builder_version=\"4.16\" global_colors_info=\"{}\"][et_pb_text _builder_version=\"4.27.4\" text_font=\"Roboto|300|||||||\" text_font_size=\"22px\" text_letter_spacing=\"1px\" text_line_height=\"1.8em\" header_text_align=\"center\" header_text_color=\"#628d3c\" header_font_size=\"64px\" header_2_font=\"Roboto|100|on||||||\" header_2_text_align=\"center\" z_index=\"57\" width=\"100%\" module_alignment=\"center\" custom_margin=\"0px||||false|false\" custom_padding=\"0px||0px|||\" text_font_size_tablet=\"\" text_font_size_phone=\"\" text_font_size_last_edited=\"on|phone\" header_font_size_tablet=\"33px\" header_font_size_phone=\"35px\" header_font_size_last_edited=\"on|phone\" header_2_font_size_tablet=\"\" header_2_font_size_phone=\"\" header_2_font_size_last_edited=\"on|desktop\" global_colors_info=\"{}\"]<p><strong>Acompa\u00f1amiento integral<\/strong><\/p>\n<p dir=\"ltr\">Uno de los distintivos de Centro Vive respecto a otros programas de salud mental consiste en el modelo proactivo del instituto, que se anticipa a las necesidades de apoyo. La estrategia lleva los servicios a escuelas, comunidades, empresas y espacios p\u00fablicos, facilitando el acceso a atenci\u00f3n especializada antes de que las problem\u00e1ticas se agraven.<\/p>\n<p dir=\"ltr\">El dise\u00f1o del instituto integra cinco ejes estrat\u00e9gicos que funcionan de manera coordinada: atenci\u00f3n especializada en salud mental, prevenci\u00f3n y tratamiento de adicciones, fortalecimiento de factores protectores mediante actividades formativas y recreativas, intervenci\u00f3n comunitaria y campa\u00f1as permanentes de sensibilizaci\u00f3n.<\/p>\n<p dir=\"ltr\">Cualquier persona puede ingresar al Centro Vive por alguno de estos servicios y, tras una valoraci\u00f3n multidisciplinaria, recibir acompa\u00f1amiento psicol\u00f3gico, psiqui\u00e1trico, m\u00e9dico, nutricional o comunitario, de acuerdo con sus necesidades. El modelo retoma recomendaciones de la Organizaci\u00f3n Mundial de la Salud (OMS), la Organizaci\u00f3n Panamericana de la Salud (OPS) y la Organizaci\u00f3n de las Naciones Unidas (ONU), adaptadas a la realidad social del municipio y con la familia como eje de la intervenci\u00f3n.<\/p>[\/et_pb_text][\/et_pb_column][et_pb_column type=\"1_3\" _builder_version=\"4.16\" background_color=\"#ffffff\" global_colors_info=\"{}\"][et_pb_text ul_type=\"none\" ul_position=\"inside\" _builder_version=\"4.27.4\" text_font=\"Roboto|700|||||||\" text_text_color=\"#FFFFFF\" text_font_size=\"22px\" text_letter_spacing=\"1px\" text_line_height=\"1.8em\" ul_font=\"Roboto|500||on|||||\" ul_text_color=\"#97999b\" ol_font=\"Roboto|500|||||||\" ol_text_color=\"#e09900\" header_text_align=\"center\" header_text_color=\"#628d3c\" header_font_size=\"64px\" header_2_font=\"Roboto|100|on||||||\" header_2_text_align=\"center\" background_color=\"#f3cb51\" z_index=\"57\" width=\"100%\" module_alignment=\"center\" custom_margin=\"0px||||false|false\" custom_padding=\"25px|10px|25px|10px|false|false\" text_font_size_tablet=\"\" text_font_size_phone=\"\" text_font_size_last_edited=\"on|phone\" header_font_size_tablet=\"33px\" header_font_size_phone=\"35px\" header_font_size_last_edited=\"on|phone\" header_2_font_size_tablet=\"\" header_2_font_size_phone=\"\" header_2_font_size_last_edited=\"on|desktop\" border_color_all=\"#f15322\" global_colors_info=\"{}\"]<span style=\"color: #ed6944;\"><strong>\u2731 <\/strong><\/span><span style=\"font-weight: 400;\">Centro Vive ha brindado 111 mil 881 atenciones especializadas en los primeros dos a\u00f1os de la actual administraci\u00f3n<\/span>[\/et_pb_text][et_pb_text ul_type=\"none\" ul_position=\"inside\" _builder_version=\"4.27.4\" text_font=\"Roboto|700|||||||\" text_text_color=\"#FFFFFF\" text_font_size=\"22px\" text_letter_spacing=\"1px\" text_line_height=\"1.8em\" ul_font=\"Roboto|500||on|||||\" ul_text_color=\"#97999b\" ol_font=\"Roboto|500|||||||\" ol_text_color=\"#e09900\" header_text_align=\"center\" header_text_color=\"#628d3c\" header_font_size=\"64px\" header_2_font=\"Roboto|100|on||||||\" header_2_text_align=\"center\" background_color=\"#ed6944\" z_index=\"57\" width=\"100%\" module_alignment=\"center\" custom_margin=\"0px||||false|false\" custom_padding=\"25px|10px|25px|10px|false|false\" text_font_size_tablet=\"\" text_font_size_phone=\"\" text_font_size_last_edited=\"on|phone\" header_font_size_tablet=\"33px\" header_font_size_phone=\"35px\" header_font_size_last_edited=\"on|phone\" header_2_font_size_tablet=\"\" header_2_font_size_phone=\"\" header_2_font_size_last_edited=\"on|desktop\" border_color_all=\"#f15322\" global_colors_info=\"{}\"]<span style=\"color: #519f94;\"><strong>\u2731 <\/strong><\/span><span style=\"font-weight: 400;\">El 70 por ciento de las secundarias cuenta con un psic\u00f3logo permanente para fortalecer habilidades socioemocionales<\/span>[\/et_pb_text][et_pb_text ul_type=\"none\" ul_position=\"inside\" _builder_version=\"4.27.4\" text_font=\"Roboto|700|||||||\" text_text_color=\"#FFFFFF\" text_font_size=\"22px\" text_letter_spacing=\"1px\" text_line_height=\"1.8em\" ul_font=\"Roboto|500||on|||||\" ul_text_color=\"#97999b\" ol_font=\"Roboto|500|||||||\" ol_text_color=\"#e09900\" header_text_align=\"center\" header_text_color=\"#628d3c\" header_font_size=\"64px\" header_2_font=\"Roboto|100|on||||||\" header_2_text_align=\"center\" background_color=\"#169080\" z_index=\"57\" width=\"100%\" module_alignment=\"center\" custom_margin=\"0px||||false|false\" custom_padding=\"25px|10px|25px|10px|false|false\" text_font_size_tablet=\"\" text_font_size_phone=\"\" text_font_size_last_edited=\"on|phone\" header_font_size_tablet=\"33px\" header_font_size_phone=\"35px\" header_font_size_last_edited=\"on|phone\" header_2_font_size_tablet=\"\" header_2_font_size_phone=\"\" header_2_font_size_last_edited=\"on|desktop\" border_color_all=\"#f15322\" global_colors_info=\"{}\"]<span style=\"color: #e5c754;\"><strong>\u2731 <\/strong><\/span><span style=\"font-weight: 400;\">L\u00ednea Vive brinda orientaci\u00f3n y canaliza a las personas hacia una atenci\u00f3n especializada de forma oportuna<\/span>[\/et_pb_text][\/et_pb_column][\/et_pb_row][et_pb_row use_custom_gutter=\"on\" gutter_width=\"1\" _builder_version=\"4.16\" width_tablet=\"\" width_phone=\"87%\" width_last_edited=\"on|desktop\" module_alignment=\"center\" custom_padding=\"||0px|2px||\" global_colors_info=\"{}\"][et_pb_column type=\"4_4\" _builder_version=\"4.16\" global_colors_info=\"{}\"][et_pb_text _builder_version=\"4.27.4\" text_font=\"Roboto|900|||||||\" text_font_size=\"22px\" text_letter_spacing=\"1px\" text_line_height=\"1.8em\" header_font=\"Roboto||||||||\" header_text_align=\"center\" header_text_color=\"#808285\" header_font_size=\"42px\" header_2_font=\"Roboto|100|on||||||\" header_2_text_align=\"center\" header_3_font=\"Roboto|900|||||||\" header_3_text_align=\"center\" header_3_text_color=\"#a8a8a8\" header_3_font_size=\"33px\" z_index=\"57\" width=\"100%\" module_alignment=\"center\" custom_margin=\"0px||||false|false\" custom_padding=\"0px||0px|||\" text_font_size_tablet=\"\" text_font_size_phone=\"\" text_font_size_last_edited=\"on|phone\" header_font_size_tablet=\"24px\" header_font_size_phone=\"25px\" header_font_size_last_edited=\"on|desktop\" header_2_font_size_tablet=\"\" header_2_font_size_phone=\"\" header_2_font_size_last_edited=\"on|desktop\" global_colors_info=\"{}\"]<h3><span style=\"font-weight: 400;\"><span>\"Visibilizar la salud mental fortalece a las familias, previene problem\u00e1ticas sociales y construye bienestar para la comunidad.\"<\/span><\/span><\/h3>[\/et_pb_text][et_pb_team_member name=\"Rodrigo Monsalvo Castel\u00e1n\" position=\"Presidente Municipal de El Marqu\u00e9s, Qro.\" image_url=\"https:\/\/www.alcaldesdemexico.com\/revista\/wp-content\/uploads\/2026\/08\/3.fw_11zon-11.webp\" use_icon_font_size=\"on\" _builder_version=\"4.27.4\" _module_preset=\"default\" header_font=\"Roboto|300|||||||\" header_text_color=\"#a3a4a7\" header_font_size=\"20px\" position_font=\"Roboto||||||||\" position_text_color=\"#000000\" position_font_size=\"20px\" position_line_height=\"1.5em\" text_orientation=\"right\" header_font_size_tablet=\"18px\" header_font_size_phone=\"18px\" header_font_size_last_edited=\"on|tablet\" body_text_align_tablet=\"\" body_text_align_phone=\"center\" body_text_align_last_edited=\"on|desktop\" body_font_size_phone=\"1px\" body_font_size_last_edited=\"off|phone\" position_font_size_tablet=\"18px\" position_font_size_phone=\"17px\" position_font_size_last_edited=\"on|desktop\" custom_css_main_element=\"display: flex;||flex-direction: row-reverse;||align-items: center;||gap: 30px;||margin-bottom: 0px !important;||display: flex;||flex-direction: row-reverse;||align-items: flex-end; \/* Esta es la l\u00ednea que cambia todo hacia abajo *\/||gap: 30px;||padding-bottom: 0px !important;||margin-bottom: 0px !important;||display: flex;||flex-direction: row-reverse;||align-items: flex-end;\" custom_css_member_image=\"width: 150px !important; ||margin-bottom: 0px !important;||margin-left: 20px !important;\" global_colors_info=\"{}\" custom_css_main_element_last_edited=\"on|phone\" custom_css_main_element_phone=\"width: 150px !important;||margin: 0 auto 20px auto !important;\" custom_css_main_element_tablet=\"display: flex;||flex-direction: row-reverse;||align-items: center;||gap: 30px;||margin-bottom: 0px !important;||display: flex;||flex-direction: row-reverse;||align-items: flex-end; \/* Esta es la l\u00ednea que cambia todo hacia abajo *\/||gap: 30px;||padding-bottom: 0px !important;||margin-bottom: 0px !important;||display: flex;||flex-direction: row-reverse;||align-items: flex-end;\" custom_css_member_image_last_edited=\"on|phone\" custom_css_member_image_phone=\"br\" custom_css_member_image_tablet=\"width: 150px !important; ||margin-bottom: 0px !important;||margin-left: 20px !important;\"][\/et_pb_team_member][\/et_pb_column][\/et_pb_row][et_pb_row use_custom_gutter=\"on\" gutter_width=\"1\" _builder_version=\"4.16\" width_tablet=\"\" width_phone=\"87%\" width_last_edited=\"on|desktop\" module_alignment=\"center\" custom_padding=\"||0px|2px||\" global_colors_info=\"{}\"][et_pb_column type=\"4_4\" _builder_version=\"4.16\" global_colors_info=\"{}\"][et_pb_text _builder_version=\"4.27.4\" text_font=\"Roboto|300|||||||\" text_font_size=\"22px\" text_letter_spacing=\"1px\" text_line_height=\"1.8em\" header_text_align=\"center\" header_text_color=\"#628d3c\" header_font_size=\"64px\" header_2_font=\"Roboto|100|on||||||\" header_2_text_align=\"center\" z_index=\"57\" width=\"100%\" module_alignment=\"center\" custom_margin=\"0px||||false|false\" custom_padding=\"0px||0px|||\" text_font_size_tablet=\"\" text_font_size_phone=\"\" text_font_size_last_edited=\"on|phone\" header_font_size_tablet=\"33px\" header_font_size_phone=\"35px\" header_font_size_last_edited=\"on|phone\" header_2_font_size_tablet=\"\" header_2_font_size_phone=\"\" header_2_font_size_last_edited=\"on|desktop\" global_colors_info=\"{}\"]<p><strong>Entornos preventivos<\/strong><\/p>\n<p dir=\"ltr\">El crecimiento de Centro Vive responde a una concepci\u00f3n integral de la salud mental. La instituci\u00f3n no limita la atenci\u00f3n al consultorio, sino que reconoce la influencia de las relaciones familiares, el entorno escolar, las condiciones laborales y la vida comunitaria en el bienestar emocional.<\/p>\n<p dir=\"ltr\">Por ello, cada caso es analizado desde esta perspectiva; psic\u00f3logos, psiquiatras, m\u00e9dicos, nutri\u00f3logos y especialistas trabajan de manera coordinada para construir rutas de atenci\u00f3n personalizadas, mientras que las familias participan activamente en los procesos de acompa\u00f1amiento cuando las condiciones lo requieren.<\/p>\n<p dir=\"ltr\">Este modelo tambi\u00e9n ha permitido fortalecer las acciones preventivas. Durante 2025, Centro Vive benefici\u00f3 de manera directa e indirecta a m\u00e1s de 67 mil habitantes mediante consultas especializadas, talleres para madres y padres de familia, actividades en escuelas, intervenciones comunitarias, programas de prevenci\u00f3n de adicciones, jornadas de atenci\u00f3n y acciones para promover el bienestar emocional en empresas y comunidades.<\/p>\n<p dir=\"ltr\">Rafael Jim\u00e9nez L\u00f3pez, Director del Centro Vive, considera que uno de los cambios m\u00e1s relevantes es el incremento en la participaci\u00f3n de la poblaci\u00f3n: \"Cada vez m\u00e1s personas buscan apoyo de manera preventiva y no \u00fanicamente ante una crisis. Esa evoluci\u00f3n indica una mayor confianza de la ciudadan\u00eda y confirma que el instituto ha logrado acercar la salud mental a las familias, las escuelas, las empresas y las comunidades\".<\/p>\n<p dir=\"ltr\">Uno de los ejemplos m\u00e1s representativos es L\u00ednea Vive, un servicio telef\u00f3nico de orientaci\u00f3n y acompa\u00f1amiento que ofrece contenci\u00f3n emocional, realiza una valoraci\u00f3n inicial y canaliza a las personas hacia la atenci\u00f3n especializada cuando el caso lo requiere. Esta herramienta ha ampliado el acceso a los servicios para quienes enfrentan barreras de movilidad, distancia o disponibilidad de tiempo, acercando la atenci\u00f3n a sectores de la poblaci\u00f3n que anteriormente ten\u00edan dificultades para recibir apoyo oportuno.<\/p>\n<p><strong>Bienestar social<\/strong><\/p>\n<p dir=\"ltr\">Para el alcalde Rodrigo Monsalvo, el principal aprendizaje de esta pol\u00edtica p\u00fablica es que el desarrollo de un municipio no puede medirse \u00fanicamente por la infraestructura que construye, sino por la calidad de vida que ofrece a sus habitantes. \"Aspiramos a que Centro Vive contin\u00fae siendo un referente nacional en salud mental y confirme que los gobiernos municipales pueden impulsar soluciones innovadoras cuando colocan el bienestar de las personas en el centro de sus decisiones. Nuestro principal compromiso es consolidar una pol\u00edtica p\u00fablica que trascienda administraciones y siga creciendo junto con las necesidades de las familias marquesinas\".<\/p>\n<p dir=\"ltr\">Este enfoque explica porqu\u00e9 Centro Vive ha buscado consolidarse como una instituci\u00f3n permanente y no como un programa temporal. Su operaci\u00f3n incorpora mecanismos de planeaci\u00f3n, evaluaci\u00f3n y mejora continua, adem\u00e1s de una estrecha coordinaci\u00f3n con instituciones educativas, organizaciones de la sociedad civil y dependencias estatales y federales especializadas en salud mental y adicciones.<\/p>\n<p dir=\"ltr\">En un contexto donde el bienestar psicoemocional ocupa un lugar cada vez m\u00e1s relevante en la agenda p\u00fablica, la experiencia de El Marqu\u00e9s confirma que invertir en bienestar emocional a nivel municipal no representa un gasto, sino una ruta directa para la consolidaci\u00f3n de un municipio m\u00e1s seguro, m\u00e1s participativo y con mayores oportunidades de desarrollo humano.<\/p>[\/et_pb_text][\/et_pb_column][\/et_pb_row][\/et_pb_section]\n","protected":false},"excerpt":{"rendered":"<p>Centro Vive es resultado de una pol\u00edtica p\u00fablica que prioriza la prevenci\u00f3n para la construcci\u00f3n de entornos saludables<\/p>\n","protected":false},"author":3,"featured_media":49136,"comment_status":"open","ping_status":"open","sticky":false,"template":"","format":"standard","meta":{"_et_pb_use_builder":"on","_et_pb_old_content":"","_et_gb_content_width":"2880","footnotes":""},"categories":[23,1603,1602],"tags":[],"class_list":["post-49133","post","type-post","status-publish","format-standard","has-post-thumbnail","hentry","category-alcaldes-de-mexico","category-aniversario-2026","category-septiembre-2026"],"aioseo_notices":[],"_links":{"self":[{"href":"https:\/\/www.alcaldesdemexico.com\/revista\/wp-json\/wp\/v2\/posts\/49133","targetHints":{"allow":["GET"]}}],"collection":[{"href":"https:\/\/www.alcaldesdemexico.com\/revista\/wp-json\/wp\/v2\/posts"}],"about":[{"href":"https:\/\/www.alcaldesdemexico.com\/revista\/wp-json\/wp\/v2\/types\/post"}],"author":[{"embeddable":true,"href":"https:\/\/www.alcaldesdemexico.com\/revista\/wp-json\/wp\/v2\/users\/3"}],"replies":[{"embeddable":true,"href":"https:\/\/www.alcaldesdemexico.com\/revista\/wp-json\/wp\/v2\/comments?post=49133"}],"version-history":[{"count":5,"href":"https:\/\/www.alcaldesdemexico.com\/revista\/wp-json\/wp\/v2\/posts\/49133\/revisions"}],"predecessor-version":[{"id":49540,"href":"https:\/\/www.alcaldesdemexico.com\/revista\/wp-json\/wp\/v2\/posts\/49133\/revisions\/49540"}],"wp:featuredmedia":[{"embeddable":true,"href":"https:\/\/www.alcaldesdemexico.com\/revista\/wp-json\/wp\/v2\/media\/49136"}],"wp:attachment":[{"href":"https:\/\/www.alcaldesdemexico.com\/revista\/wp-json\/wp\/v2\/media?parent=49133"}],"wp:term":[{"taxonomy":"category","embeddable":true,"href":"https:\/\/www.alcaldesdemexico.com\/revista\/wp-json\/wp\/v2\/categories?post=49133"},{"taxonomy":"post_tag","embeddable":true,"href":"https:\/\/www.alcaldesdemexico.com\/revista\/wp-json\/wp\/v2\/tags?post=49133"}],"curies":[{"name":"wp","href":"https:\/\/api.w.org\/{rel}","templated":true}]}}