{"id":49150,"date":"2026-08-19T18:33:42","date_gmt":"2026-08-19T18:33:42","guid":{"rendered":"https:\/\/www.alcaldesdemexico.com\/revista\/?p=49150"},"modified":"2026-08-28T22:38:58","modified_gmt":"2026-08-28T22:38:58","slug":"municipio-inclusivo","status":"publish","type":"post","link":"https:\/\/www.alcaldesdemexico.com\/revista\/alcaldes-de-mexico\/municipio-inclusivo\/","title":{"rendered":"Municipio inclusivo"},"content":{"rendered":"\n[et_pb_section fb_built=\"1\" _builder_version=\"4.16\" width=\"80%\" width_tablet=\"100%\" width_phone=\"100%\" width_last_edited=\"on|phone\" max_width=\"100%\" module_alignment=\"center\" custom_padding=\"|0px||0px|false|false\" border_color_all=\"#e9ebdd\" border_width_top=\"0px\" global_colors_info=\"{}\"][et_pb_row _builder_version=\"4.16\" global_colors_info=\"{}\"][et_pb_column type=\"4_4\" _builder_version=\"4.16\" global_colors_info=\"{}\"][et_pb_image src=\"https:\/\/www.alcaldesdemexico.com\/revista\/wp-content\/uploads\/2026\/08\/4_11zon-4.webp\" title_text=\"4_11zon (4)\" align=\"center\" _builder_version=\"4.27.4\" global_colors_info=\"{}\"][\/et_pb_image][\/et_pb_column][\/et_pb_row][et_pb_row _builder_version=\"4.16\" width_tablet=\"100%\" width_phone=\"\" width_last_edited=\"on|desktop\" module_alignment=\"center\" min_height=\"308px\" custom_margin=\"|||118px|false|false\" custom_padding=\"||4px||false|false\" global_colors_info=\"{}\"][et_pb_column type=\"4_4\" _builder_version=\"4.16\" global_colors_info=\"{}\"][et_pb_code _builder_version=\"4.16\" global_colors_info=\"{}\"]<script type=\"text\/javascript\"><!-- [et_pb_line_break_holder] -->\t(function($){<!-- [et_pb_line_break_holder] -->\t$(document).ready(function() {<!-- [et_pb_line_break_holder] -->\t  $( '#videopopup a' ).addClass('popup-video');<!-- [et_pb_line_break_holder] -->\t    $('.popup-video').magnificPopup({<!-- [et_pb_line_break_holder] -->\t        disableOn: 100,<!-- [et_pb_line_break_holder] -->\t        type: 'iframe',<!-- [et_pb_line_break_holder] -->\t        mainClass: 'mfp-fade',<!-- [et_pb_line_break_holder] -->\t        removalDelay: 160,<!-- [et_pb_line_break_holder] -->\t        preloader: false,<!-- [et_pb_line_break_holder] -->\t        fixedContentPos: false<!-- [et_pb_line_break_holder] -->\t    });<!-- [et_pb_line_break_holder] -->\t});<!-- [et_pb_line_break_holder] -->\t})(jQuery)<!-- [et_pb_line_break_holder] --><\/script>[\/et_pb_code][et_pb_text _builder_version=\"4.27.4\" header_font=\"Roboto|900|||||||\" header_text_align=\"center\" header_text_color=\"#000000\" header_font_size=\"67px\" header_2_font=\"Roboto|100|on||||||\" header_2_text_align=\"center\" width=\"80%\" width_tablet=\"\" width_phone=\"100%\" width_last_edited=\"on|desktop\" max_width=\"100%\" module_alignment=\"center\" text_font_size_tablet=\"\" text_font_size_phone=\"\" text_font_size_last_edited=\"on|desktop\" header_font_size_tablet=\"43px\" header_font_size_phone=\"28px\" header_font_size_last_edited=\"on|tablet\" header_2_font_size_tablet=\"\" header_2_font_size_phone=\"\" header_2_font_size_last_edited=\"on|desktop\" global_colors_info=\"{}\"]<h1 style=\"text-align: center;\"><span>ACCESO Y OPORTUNIDADES PARA TODOS<br \/><\/span><\/h1>\n<p>&nbsp;<\/p>\n<h2 style=\"text-align: center;\">Ponte las Pilas promueve la inclusi\u00f3n laboral de personas con discapacidad, con capacitaci\u00f3n y sinergias<\/h2>\n<p>&nbsp;<\/p>[\/et_pb_text][\/et_pb_column][\/et_pb_row][et_pb_row column_structure=\"1_2,1_2\" _builder_version=\"4.27.4\" locked=\"off\" global_colors_info=\"{}\"][et_pb_column type=\"1_2\" _builder_version=\"4.27.4\" use_background_color_gradient=\"on\" background_color_gradient_direction=\"90deg\" background_color_gradient_stops=\"#f6f4e5 0%|rgba(255,255,255,0) 36%\" global_colors_info=\"{}\"][et_pb_image src=\"https:\/\/www.alcaldesdemexico.com\/revista\/wp-content\/uploads\/2026\/08\/1.fw_11zon-15.webp\" title_text=\"1.fw_11zon (15)\" _builder_version=\"4.27.4\" _module_preset=\"default\" global_colors_info=\"{}\"][\/et_pb_image][\/et_pb_column][et_pb_column type=\"1_2\" _builder_version=\"4.16\" global_colors_info=\"{}\"][et_pb_text _builder_version=\"4.27.4\" text_font=\"Roboto|300|||||||\" text_font_size=\"22px\" text_letter_spacing=\"1px\" text_line_height=\"1.8em\" header_text_align=\"center\" header_text_color=\"#628d3c\" header_font_size=\"64px\" header_2_font=\"Roboto|100|on||||||\" header_2_text_align=\"center\" z_index=\"57\" width=\"100%\" module_alignment=\"center\" custom_margin=\"0px||||false|false\" custom_padding=\"0px||0px|0px||\" hover_enabled=\"0\" text_font_size_tablet=\"\" text_font_size_phone=\"\" text_font_size_last_edited=\"on|phone\" header_font_size_tablet=\"33px\" header_font_size_phone=\"35px\" header_font_size_last_edited=\"on|phone\" header_2_font_size_tablet=\"\" header_2_font_size_phone=\"\" header_2_font_size_last_edited=\"on|desktop\" global_colors_info=\"{}\" sticky_enabled=\"0\"]<p><span>Por Jos\u00e9 Manuel Arteaga<span style=\"font-size: small;\"><br \/><\/span><\/span><\/p>\n<p><span><span style=\"font-size: small;\">FOTOS: CORTES\u00cdA DEL GOBIERNO MUNICIPAL DE SALTILLO<\/span><\/span><\/p>\n<p>Saltillo consolida un modelo de municipio inclusivo a partir de una pol\u00edtica p\u00fablica transversal que impulsa oportunidades de empleo y desarrollo integral para personas con discapacidad.<\/p>[\/et_pb_text][\/et_pb_column][\/et_pb_row][et_pb_row use_custom_gutter=\"on\" gutter_width=\"1\" _builder_version=\"4.16\" width_tablet=\"\" width_phone=\"87%\" width_last_edited=\"on|desktop\" module_alignment=\"center\" custom_padding=\"||0px|2px||\" global_colors_info=\"{}\"][et_pb_column type=\"4_4\" _builder_version=\"4.16\" global_colors_info=\"{}\"][et_pb_text _builder_version=\"4.27.4\" text_font=\"Roboto|300|||||||\" text_font_size=\"22px\" text_letter_spacing=\"1px\" text_line_height=\"1.8em\" header_text_align=\"center\" header_text_color=\"#628d3c\" header_font_size=\"64px\" header_2_font=\"Roboto|100|on||||||\" header_2_text_align=\"center\" z_index=\"57\" width=\"100%\" module_alignment=\"center\" custom_margin=\"0px||||false|false\" custom_padding=\"0px||0px|||\" text_font_size_tablet=\"\" text_font_size_phone=\"\" text_font_size_last_edited=\"on|phone\" header_font_size_tablet=\"33px\" header_font_size_phone=\"35px\" header_font_size_last_edited=\"on|phone\" header_2_font_size_tablet=\"\" header_2_font_size_phone=\"\" header_2_font_size_last_edited=\"on|desktop\" global_colors_info=\"{}\"]<p dir=\"ltr\">En la capital de Coahuila, m\u00e1s de 30 mil personas viven con alguna discapacidad intelectual, motriz, visual o auditiva. En respuesta a esta realidad, el gobierno municipal estableci\u00f3 una visi\u00f3n de gobierno orientada a promover una cultura de no discriminaci\u00f3n, mediante un programa de empleabilidad inclusiva que fortalece el acceso al trabajo y la autonom\u00eda econ\u00f3mica de las personas y sus familias.<\/p>\n<p dir=\"ltr\">En lo que va del a\u00f1o, al menos 80 personas accedieron a un empleo formal con un salario digno. Javier D\u00edaz Gonz\u00e1lez, Presidente Municipal de Saltillo, Coahuila, destaca los alcances del programa. \"Un pilar fundamental para lograr dicho objetivo es el programa Ponte las Pilas, que suma m\u00e1s de 170 personas con discapacidad atendidas en los talleres Empodera, de julio de 2026 a la fecha\".<\/p>\n<p><strong>Labor compartida<\/strong><\/p>\n<p dir=\"ltr\">El gobierno municipal implementa el programa Ponte las Pilas a trav\u00e9s de la Coordinaci\u00f3n de Personas con Discapacidad y del Sistema para el Desarrollo Integral de la Familia (DIF) Municipal. Adem\u00e1s, promueve la vinculaci\u00f3n con empresas mediante convenios y ferias de empleo, con el respaldo de un proceso previo de capacitaci\u00f3n para las personas participantes.<\/p>\n<p dir=\"ltr\">Los talleres Empodera funcionan como eje operativo al ofrecer capacitaci\u00f3n gratuita para desarrollar competencias y habilidades que faciliten a m\u00e1s personas el acceso al mercado laboral formal. \"El DIF realiza la convocatoria y es sede de las capacitaciones y los talleres; asimismo, brinda asesor\u00eda y acompa\u00f1amiento para orientar a las empresas en todo el proceso\", explica Alonso Figueroa Vicu\u00f1a, Director General del DIF Saltillo. Los programas de empleabilidad inclusiva, agrega el funcionario, se promueven mediante est\u00edmulos fiscales, subsidios a la n\u00f3mina y reconocimientos institucionales.<\/p>\n<p dir=\"ltr\">Las empresas participantes asumen el compromiso de abrir vacantes laborales y eliminar barreras arquitect\u00f3nicas y sociales mediante la adecuaci\u00f3n de sus instalaciones, con el prop\u00f3sito de garantizar entornos accesibles. \"En la \u00faltima Feria del Empleo Inclusiva se ofertaron 45 vacantes en 19 empresas, a la cual acudi\u00f3 un grupo de 112 asistentes interesados en postularse e iniciar con su proceso de reclutamiento\", afirma el Director del DIF.<\/p>[\/et_pb_text][\/et_pb_column][\/et_pb_row][et_pb_row _builder_version=\"4.16\" global_colors_info=\"{}\"][et_pb_column type=\"4_4\" _builder_version=\"4.16\" global_colors_info=\"{}\"][et_pb_image src=\"https:\/\/www.alcaldesdemexico.com\/revista\/wp-content\/uploads\/2026\/08\/2.fw_11zon-14-scaled.webp\" title_text=\"2.fw_11zon (14)\" force_fullwidth=\"on\" _builder_version=\"4.27.4\" global_colors_info=\"{}\"][\/et_pb_image][\/et_pb_column][\/et_pb_row][et_pb_row column_structure=\"2_3,1_3\" _builder_version=\"4.16\" global_colors_info=\"{}\"][et_pb_column type=\"2_3\" _builder_version=\"4.16\" global_colors_info=\"{}\"][et_pb_text _builder_version=\"4.27.4\" text_font=\"Roboto|300|||||||\" text_font_size=\"22px\" text_letter_spacing=\"1px\" text_line_height=\"1.8em\" header_text_align=\"center\" header_text_color=\"#628d3c\" header_font_size=\"64px\" header_2_font=\"Roboto|100|on||||||\" header_2_text_align=\"center\" z_index=\"57\" width=\"100%\" module_alignment=\"center\" custom_margin=\"0px||||false|false\" custom_padding=\"0px||0px|||\" text_font_size_tablet=\"\" text_font_size_phone=\"\" text_font_size_last_edited=\"on|phone\" header_font_size_tablet=\"33px\" header_font_size_phone=\"35px\" header_font_size_last_edited=\"on|phone\" header_2_font_size_tablet=\"\" header_2_font_size_phone=\"\" header_2_font_size_last_edited=\"on|desktop\" global_colors_info=\"{}\"]<p><strong>Oportunidades para todos<\/strong><\/p>\n<p dir=\"ltr\">El programa promueve una cultura organizacional basada en la no discriminaci\u00f3n, el respeto a los derechos humanos y la equidad desde el reclutamiento. Las empresas tienen el compromiso de \"establecer una cultura organizacional de cero discriminaci\u00f3n, promoviendo el respeto a los derechos humanos y la equidad desde el proceso de reclutamiento; brindar capacitaci\u00f3n y ofrecer un desarrollo profesional continuo a sus empleados diversos, d\u00e1ndoles las mismas oportunidades de crecimiento y liderazgo que al resto del equipo\", sostiene Figueroa Vicu\u00f1a.<\/p>\n<p dir=\"ltr\">El Presidente Municipal de Saltillo resalta que el programa de inclusi\u00f3n del municipio \"garantiza la participaci\u00f3n plena y efectiva en la sociedad y de las personas con discapacidad, en igualdad de condiciones\", en cumplimiento de lo que establece el Art\u00edculo 27 de la Convenci\u00f3n sobre los Derechos de las Personas con Discapacidad, de la cual M\u00e9xico forma parte.<\/p>\n<p dir=\"ltr\">El gobierno municipal complementa esta estrategia con apoyos econ\u00f3micos y en especie, que incluyen aparatos ortop\u00e9dicos, cirug\u00edas, orientaci\u00f3n, esparcimiento, capacitaci\u00f3n y talleres de sensibilizaci\u00f3n. \"Promovemos el desarrollo integral con un trato digno y oportunidades reales de autonom\u00eda y bienestar\", destaca el alcalde.<\/p>[\/et_pb_text][\/et_pb_column][et_pb_column type=\"1_3\" _builder_version=\"4.16\" background_color=\"#ffffff\" global_colors_info=\"{}\"][et_pb_text ul_type=\"none\" ul_position=\"inside\" _builder_version=\"4.27.4\" text_font=\"Roboto|700|||||||\" text_text_color=\"#FFFFFF\" text_font_size=\"22px\" text_letter_spacing=\"1px\" text_line_height=\"1.8em\" ul_font=\"Roboto|500||on|||||\" ul_text_color=\"#97999b\" ol_font=\"Roboto|500|||||||\" ol_text_color=\"#e09900\" header_text_align=\"center\" header_text_color=\"#628d3c\" header_font_size=\"64px\" header_2_font=\"Roboto|100|on||||||\" header_2_text_align=\"center\" background_color=\"#f3cb51\" z_index=\"57\" width=\"100%\" module_alignment=\"center\" custom_margin=\"0px||||false|false\" custom_padding=\"25px|10px|25px|10px|false|false\" text_font_size_tablet=\"\" text_font_size_phone=\"\" text_font_size_last_edited=\"on|phone\" header_font_size_tablet=\"33px\" header_font_size_phone=\"35px\" header_font_size_last_edited=\"on|phone\" header_2_font_size_tablet=\"\" header_2_font_size_phone=\"\" header_2_font_size_last_edited=\"on|desktop\" border_color_all=\"#f15322\" global_colors_info=\"{}\"]<span style=\"color: #ed6944;\"><strong>\u2731 <\/strong><\/span><span style=\"font-weight: 400;\">Asistieron 112 personas a la Feria del Empleo Inclusiva, donde 19 empresas ofrecieron 45 vacantes<\/span>[\/et_pb_text][et_pb_text ul_type=\"none\" ul_position=\"inside\" _builder_version=\"4.27.4\" text_font=\"Roboto|700|||||||\" text_text_color=\"#FFFFFF\" text_font_size=\"22px\" text_letter_spacing=\"1px\" text_line_height=\"1.8em\" ul_font=\"Roboto|500||on|||||\" ul_text_color=\"#97999b\" ol_font=\"Roboto|500|||||||\" ol_text_color=\"#e09900\" header_text_align=\"center\" header_text_color=\"#628d3c\" header_font_size=\"64px\" header_2_font=\"Roboto|100|on||||||\" header_2_text_align=\"center\" background_color=\"#ed6944\" z_index=\"57\" width=\"100%\" module_alignment=\"center\" custom_margin=\"0px||||false|false\" custom_padding=\"25px|10px|25px|10px|false|false\" text_font_size_tablet=\"\" text_font_size_phone=\"\" text_font_size_last_edited=\"on|phone\" header_font_size_tablet=\"33px\" header_font_size_phone=\"35px\" header_font_size_last_edited=\"on|phone\" header_2_font_size_tablet=\"\" header_2_font_size_phone=\"\" header_2_font_size_last_edited=\"on|desktop\" border_color_all=\"#f15322\" global_colors_info=\"{}\"]<span style=\"color: #519f94;\"><strong>\u2731 <\/strong><\/span><span style=\"font-weight: 400;\">Los talleres Empodera y las ferias de empleo promueven la inserci\u00f3n laboral de personas con discapacidad<\/span>[\/et_pb_text][et_pb_text ul_type=\"none\" ul_position=\"inside\" _builder_version=\"4.27.4\" text_font=\"Roboto|700|||||||\" text_text_color=\"#FFFFFF\" text_font_size=\"22px\" text_letter_spacing=\"1px\" text_line_height=\"1.8em\" ul_font=\"Roboto|500||on|||||\" ul_text_color=\"#97999b\" ol_font=\"Roboto|500|||||||\" ol_text_color=\"#e09900\" header_text_align=\"center\" header_text_color=\"#628d3c\" header_font_size=\"64px\" header_2_font=\"Roboto|100|on||||||\" header_2_text_align=\"center\" background_color=\"#169080\" z_index=\"57\" width=\"100%\" module_alignment=\"center\" custom_margin=\"0px||||false|false\" custom_padding=\"25px|10px|25px|10px|false|false\" text_font_size_tablet=\"\" text_font_size_phone=\"\" text_font_size_last_edited=\"on|phone\" header_font_size_tablet=\"33px\" header_font_size_phone=\"35px\" header_font_size_last_edited=\"on|phone\" header_2_font_size_tablet=\"\" header_2_font_size_phone=\"\" header_2_font_size_last_edited=\"on|desktop\" border_color_all=\"#f15322\" global_colors_info=\"{}\"]<span style=\"color: #e5c754;\"><strong>\u2731 <\/strong><\/span><span style=\"font-weight: 400;\">El Instituto Municipal del Deporte impulsa el deporte adaptado para grupos prioritarios y personas con discapacidad<\/span>[\/et_pb_text][\/et_pb_column][\/et_pb_row][et_pb_row use_custom_gutter=\"on\" gutter_width=\"1\" _builder_version=\"4.16\" width_tablet=\"\" width_phone=\"87%\" width_last_edited=\"on|desktop\" module_alignment=\"center\" custom_padding=\"||0px|2px||\" global_colors_info=\"{}\"][et_pb_column type=\"4_4\" _builder_version=\"4.16\" global_colors_info=\"{}\"][et_pb_text _builder_version=\"4.27.4\" text_font=\"Roboto|900|||||||\" text_font_size=\"22px\" text_letter_spacing=\"1px\" text_line_height=\"1.8em\" header_font=\"Roboto||||||||\" header_text_align=\"center\" header_text_color=\"#808285\" header_font_size=\"42px\" header_2_font=\"Roboto|100|on||||||\" header_2_text_align=\"center\" header_3_font=\"Roboto|900|||||||\" header_3_text_align=\"center\" header_3_text_color=\"#a8a8a8\" header_3_font_size=\"33px\" z_index=\"57\" width=\"100%\" module_alignment=\"center\" custom_margin=\"0px||||false|false\" custom_padding=\"0px||0px|||\" text_font_size_tablet=\"\" text_font_size_phone=\"\" text_font_size_last_edited=\"on|phone\" header_font_size_tablet=\"24px\" header_font_size_phone=\"25px\" header_font_size_last_edited=\"on|desktop\" header_2_font_size_tablet=\"\" header_2_font_size_phone=\"\" header_2_font_size_last_edited=\"on|desktop\" global_colors_info=\"{}\"]<h3><span style=\"font-weight: 400;\"><span>\"Ponte las Pilas suma m\u00e1s de 170 personas con discapacidad atendidas en los talleres Empodera y 80 personas contratadas.\"<\/span><\/span><\/h3>[\/et_pb_text][et_pb_team_member name=\"Javier D\u00edaz Gonz\u00e1lez\" position=\"Presidente Municipal de Saltillo, Coah.\" image_url=\"https:\/\/www.alcaldesdemexico.com\/revista\/wp-content\/uploads\/2026\/08\/3.fw_11zon-13.webp\" use_icon_font_size=\"on\" _builder_version=\"4.27.4\" _module_preset=\"default\" header_font=\"Roboto|300|||||||\" header_text_color=\"#a3a4a7\" header_font_size=\"20px\" position_font=\"Roboto||||||||\" position_text_color=\"#000000\" position_font_size=\"20px\" position_line_height=\"1.5em\" text_orientation=\"right\" header_font_size_tablet=\"18px\" header_font_size_phone=\"18px\" header_font_size_last_edited=\"on|tablet\" body_text_align_tablet=\"\" body_text_align_phone=\"center\" body_text_align_last_edited=\"on|desktop\" body_font_size_phone=\"1px\" body_font_size_last_edited=\"off|phone\" position_font_size_tablet=\"18px\" position_font_size_phone=\"17px\" position_font_size_last_edited=\"on|desktop\" custom_css_main_element=\"display: flex;||flex-direction: row-reverse;||align-items: center;||gap: 30px;||margin-bottom: 0px !important;||display: flex;||flex-direction: row-reverse;||align-items: flex-end; \/* Esta es la l\u00ednea que cambia todo hacia abajo *\/||gap: 30px;||padding-bottom: 0px !important;||margin-bottom: 0px !important;||display: flex;||flex-direction: row-reverse;||align-items: flex-end;\" custom_css_member_image=\"width: 150px !important; ||margin-bottom: 0px !important;||margin-left: 20px !important;\" global_colors_info=\"{}\" custom_css_main_element_last_edited=\"on|phone\" custom_css_main_element_phone=\"width: 150px !important;||margin: 0 auto 20px auto !important;\" custom_css_main_element_tablet=\"display: flex;||flex-direction: row-reverse;||align-items: center;||gap: 30px;||margin-bottom: 0px !important;||display: flex;||flex-direction: row-reverse;||align-items: flex-end; \/* Esta es la l\u00ednea que cambia todo hacia abajo *\/||gap: 30px;||padding-bottom: 0px !important;||margin-bottom: 0px !important;||display: flex;||flex-direction: row-reverse;||align-items: flex-end;\" custom_css_member_image_last_edited=\"on|phone\" custom_css_member_image_phone=\"br\" custom_css_member_image_tablet=\"width: 150px !important; ||margin-bottom: 0px !important;||margin-left: 20px !important;\"][\/et_pb_team_member][\/et_pb_column][\/et_pb_row][et_pb_row use_custom_gutter=\"on\" gutter_width=\"1\" _builder_version=\"4.16\" width_tablet=\"\" width_phone=\"87%\" width_last_edited=\"on|desktop\" module_alignment=\"center\" custom_padding=\"||0px|2px||\" global_colors_info=\"{}\"][et_pb_column type=\"4_4\" _builder_version=\"4.16\" global_colors_info=\"{}\"][et_pb_text _builder_version=\"4.27.4\" text_font=\"Roboto|300|||||||\" text_font_size=\"22px\" text_letter_spacing=\"1px\" text_line_height=\"1.8em\" header_text_align=\"center\" header_text_color=\"#628d3c\" header_font_size=\"64px\" header_2_font=\"Roboto|100|on||||||\" header_2_text_align=\"center\" z_index=\"57\" width=\"100%\" module_alignment=\"center\" custom_margin=\"0px||||false|false\" custom_padding=\"0px||0px|||\" text_font_size_tablet=\"\" text_font_size_phone=\"\" text_font_size_last_edited=\"on|phone\" header_font_size_tablet=\"33px\" header_font_size_phone=\"35px\" header_font_size_last_edited=\"on|phone\" header_2_font_size_tablet=\"\" header_2_font_size_phone=\"\" header_2_font_size_last_edited=\"on|desktop\" global_colors_info=\"{}\"]<p>El DIF Saltillo canaliza una inversi\u00f3n de 52 millones de pesos para fortalecer programas de atenci\u00f3n a poblaci\u00f3n vulnerable. De forma paralela, el gobierno estatal apoya a empresas aliadas con la cobertura de hasta tres meses de cuotas al Instituto Mexicano del Seguro Social (IMSS) por cada persona contratada.<\/p>\n<p><strong>Formacion sin barreras<\/strong><\/p>\n<p dir=\"ltr\">En la ruta para consolidar a Saltillo como un municipio inclusivo, el gobierno municipal promueve un modelo de atenci\u00f3n integral que prioriza la educaci\u00f3n accesible en todos los niveles acad\u00e9micos. Como parte de esta visi\u00f3n, implementa la estrategia Impulso Educativo Coahuila, cuyo eje rector es la equidad, con el objetivo de garantizar la permanencia escolar y favorecer el desarrollo del potencial de las personas, sin importar su origen o circunstancias.<\/p>\n<p dir=\"ltr\">Como parte de esta pol\u00edtica de inclusi\u00f3n, que adem\u00e1s contempla el arte y los deportes, el Instituto Municipal de Cultura implementa talleres, eventos y actividades art\u00edsticas accesibles. \"En cada evento se dise\u00f1a una ruta para que los espacios sean accesibles para personas con movilidad reducida; se contempla el apoyo de int\u00e9rpretes de lengua de se\u00f1as mexicanas y programas con audio descripci\u00f3n; se separan boletos en espacios reservados para personas con discapacidad, y se utilizan chalecos sensoriales en conciertos para el disfrute de quienes tienen deficiencias auditivas\", detalla el alcalde.<\/p>\n<p dir=\"ltr\">El Instituto Municipal del Deporte tambi\u00e9n fomenta el deporte adaptado para grupos prioritarios mediante becas para la inscripci\u00f3n de atletas en competencias nacionales, apoyo a entrenadores, vi\u00e1ticos y uniformes para los equipos representativos del municipio de Saltillo. Entre las disciplinas destacan futbol en silla de ruedas motorizada, golbol para personas con discapacidad visual, futbol para personas con discapacidad auditiva, basquetbol para infancia con s\u00edndrome de Down y atletismo para menores con discapacidad intelectual, entre otros.<\/p>\n<p><strong>Accesibilidad universal<\/strong><\/p>\n<p dir=\"ltr\">El gobierno de Saltillo trabaja en fortalecer un turismo inclusivo, con entornos, actividades y servicios tur\u00edsticos que puedan disfrutar todos los visitantes en igualdad de condiciones. Con el objetivo de crear entornos accesibles para todas las personas, el municipio cuenta actualmente con una infraestructura tur\u00edstica adaptada con 15 hoteles y cientos de restaurantes con todas las facilidades de acceso para las personas con movilidad reducida.<\/p>\n<p dir=\"ltr\">Entre los espacios accesibles destacan el Parque Centro, el primer desarrollo de usos mixtos de Coahuila, y Paseo Capital, equipado con sem\u00e1foros peatonales audibles, l\u00edneas podot\u00e1ctiles y rampas para personas con discapacidad. Tambi\u00e9n est\u00e1n acondicionados el Tranv\u00eda Saltillo y los museos locales, que cuentan con condiciones de accesibilidad y ofrecen entrada gratuita a las personas con discapacidad en cada recorrido.<\/p>\n<p dir=\"ltr\">Figueroa Vicu\u00f1a se\u00f1ala que los nuevos espacios urbanos y recreativos cumplen criterios de dise\u00f1o universal establecidos por la Direcci\u00f3n de Desarrollo Urbano, lo que garantiza accesibilidad en los desarrollos y en la infraestructura.<\/p>\n<p dir=\"ltr\">El alcalde destaca el reconocimiento obtenido por el municipio: Saltillo recibi\u00f3 la medalla a la Inclusi\u00f3n Gilberto Rinc\u00f3n Gallardo-Telet\u00f3n 2025, que reconoce las buenas pr\u00e1cticas en favor de las personas con discapacidad. \"M\u00e1s all\u00e1 del reconocimiento a las acciones y pol\u00edticas p\u00fablicas, esto refrenda nuestro compromiso en la construcci\u00f3n de una sociedad m\u00e1s justa, accesible e incluyente, donde cada persona tiene un lugar y un valor inestimable\", concluye.<\/p>[\/et_pb_text][\/et_pb_column][\/et_pb_row][\/et_pb_section]\n","protected":false},"excerpt":{"rendered":"<p>Ponte las Pilas promueve la inclusi\u00f3n laboral de personas con discapacidad, con capacitaci\u00f3n y sinergias<\/p>\n","protected":false},"author":3,"featured_media":49153,"comment_status":"open","ping_status":"open","sticky":false,"template":"","format":"standard","meta":{"_et_pb_use_builder":"on","_et_pb_old_content":"","_et_gb_content_width":"2880","footnotes":""},"categories":[23,1603,1602],"tags":[],"class_list":["post-49150","post","type-post","status-publish","format-standard","has-post-thumbnail","hentry","category-alcaldes-de-mexico","category-aniversario-2026","category-septiembre-2026"],"aioseo_notices":[],"_links":{"self":[{"href":"https:\/\/www.alcaldesdemexico.com\/revista\/wp-json\/wp\/v2\/posts\/49150","targetHints":{"allow":["GET"]}}],"collection":[{"href":"https:\/\/www.alcaldesdemexico.com\/revista\/wp-json\/wp\/v2\/posts"}],"about":[{"href":"https:\/\/www.alcaldesdemexico.com\/revista\/wp-json\/wp\/v2\/types\/post"}],"author":[{"embeddable":true,"href":"https:\/\/www.alcaldesdemexico.com\/revista\/wp-json\/wp\/v2\/users\/3"}],"replies":[{"embeddable":true,"href":"https:\/\/www.alcaldesdemexico.com\/revista\/wp-json\/wp\/v2\/comments?post=49150"}],"version-history":[{"count":5,"href":"https:\/\/www.alcaldesdemexico.com\/revista\/wp-json\/wp\/v2\/posts\/49150\/revisions"}],"predecessor-version":[{"id":49544,"href":"https:\/\/www.alcaldesdemexico.com\/revista\/wp-json\/wp\/v2\/posts\/49150\/revisions\/49544"}],"wp:featuredmedia":[{"embeddable":true,"href":"https:\/\/www.alcaldesdemexico.com\/revista\/wp-json\/wp\/v2\/media\/49153"}],"wp:attachment":[{"href":"https:\/\/www.alcaldesdemexico.com\/revista\/wp-json\/wp\/v2\/media?parent=49150"}],"wp:term":[{"taxonomy":"category","embeddable":true,"href":"https:\/\/www.alcaldesdemexico.com\/revista\/wp-json\/wp\/v2\/categories?post=49150"},{"taxonomy":"post_tag","embeddable":true,"href":"https:\/\/www.alcaldesdemexico.com\/revista\/wp-json\/wp\/v2\/tags?post=49150"}],"curies":[{"name":"wp","href":"https:\/\/api.w.org\/{rel}","templated":true}]}}