{"id":49230,"date":"2026-08-21T17:43:19","date_gmt":"2026-08-21T17:43:19","guid":{"rendered":"https:\/\/www.alcaldesdemexico.com\/revista\/?p=49230"},"modified":"2026-08-21T17:43:21","modified_gmt":"2026-08-21T17:43:21","slug":"trasparencia-proactiva","status":"publish","type":"post","link":"https:\/\/www.alcaldesdemexico.com\/revista\/alcaldes-de-mexico\/trasparencia-proactiva\/","title":{"rendered":"Trasparencia proactiva"},"content":{"rendered":"\n[et_pb_section fb_built=\"1\" _builder_version=\"4.16\" width=\"80%\" width_tablet=\"100%\" width_phone=\"100%\" width_last_edited=\"on|phone\" max_width=\"100%\" module_alignment=\"center\" custom_padding=\"|0px||0px|false|false\" border_color_all=\"#e9ebdd\" border_width_top=\"0px\" global_colors_info=\"{}\" theme_builder_area=\"post_content\"][et_pb_row _builder_version=\"4.16\" global_colors_info=\"{}\" theme_builder_area=\"post_content\"][et_pb_column type=\"4_4\" _builder_version=\"4.16\" global_colors_info=\"{}\" theme_builder_area=\"post_content\"][et_pb_image src=\"https:\/\/www.alcaldesdemexico.com\/revista\/wp-content\/uploads\/2026\/08\/4_11zon-12.webp\" title_text=\"4_11zon (12)\" align=\"center\" _builder_version=\"4.27.4\" hover_enabled=\"0\" global_colors_info=\"{}\" theme_builder_area=\"post_content\" sticky_enabled=\"0\"][\/et_pb_image][\/et_pb_column][\/et_pb_row][et_pb_row _builder_version=\"4.16\" width_tablet=\"100%\" width_phone=\"\" width_last_edited=\"on|desktop\" module_alignment=\"center\" min_height=\"308px\" custom_margin=\"|||118px|false|false\" custom_padding=\"||4px||false|false\" global_colors_info=\"{}\" theme_builder_area=\"post_content\"][et_pb_column type=\"4_4\" _builder_version=\"4.16\" global_colors_info=\"{}\" theme_builder_area=\"post_content\"][et_pb_code _builder_version=\"4.16\" global_colors_info=\"{}\" theme_builder_area=\"post_content\"]<script type=\"text\/javascript\"><!-- [et_pb_line_break_holder] -->\t(function($){<!-- [et_pb_line_break_holder] -->\t$(document).ready(function() {<!-- [et_pb_line_break_holder] -->\t  $( '#videopopup a' ).addClass('popup-video');<!-- [et_pb_line_break_holder] -->\t    $('.popup-video').magnificPopup({<!-- [et_pb_line_break_holder] -->\t        disableOn: 100,<!-- [et_pb_line_break_holder] -->\t        type: 'iframe',<!-- [et_pb_line_break_holder] -->\t        mainClass: 'mfp-fade',<!-- [et_pb_line_break_holder] -->\t        removalDelay: 160,<!-- [et_pb_line_break_holder] -->\t        preloader: false,<!-- [et_pb_line_break_holder] -->\t        fixedContentPos: false<!-- [et_pb_line_break_holder] -->\t    });<!-- [et_pb_line_break_holder] -->\t});<!-- [et_pb_line_break_holder] -->\t})(jQuery)<!-- [et_pb_line_break_holder] --><\/script>[\/et_pb_code][et_pb_text _builder_version=\"4.27.4\" header_font=\"Roboto|900|||||||\" header_text_align=\"center\" header_text_color=\"#000000\" header_font_size=\"67px\" header_2_font=\"Roboto|100|on||||||\" header_2_text_align=\"center\" width=\"80%\" width_tablet=\"\" width_phone=\"100%\" width_last_edited=\"on|desktop\" max_width=\"100%\" module_alignment=\"center\" hover_enabled=\"0\" text_font_size_tablet=\"\" text_font_size_phone=\"\" text_font_size_last_edited=\"on|desktop\" header_font_size_tablet=\"43px\" header_font_size_phone=\"28px\" header_font_size_last_edited=\"on|tablet\" header_2_font_size_tablet=\"\" header_2_font_size_phone=\"\" header_2_font_size_last_edited=\"on|desktop\" global_colors_info=\"{}\" theme_builder_area=\"post_content\" sticky_enabled=\"0\"]<h1 style=\"text-align: center;\"><span>LIDERAZGO MUNICIPAL CONTRA LA OPACIDAD<br \/><\/span><\/h1>\n<p>&nbsp;<\/p>\n<h2 style=\"text-align: center;\">Puebla fortalece la transparencia y participaci\u00f3n ciudadana con una administraci\u00f3n abierta, accesible y confiable<\/h2>\n<p>&nbsp;<\/p>[\/et_pb_text][\/et_pb_column][\/et_pb_row][et_pb_row column_structure=\"1_2,1_2\" _builder_version=\"4.27.4\" locked=\"off\" global_colors_info=\"{}\" theme_builder_area=\"post_content\"][et_pb_column type=\"1_2\" _builder_version=\"4.27.4\" use_background_color_gradient=\"on\" background_color_gradient_direction=\"90deg\" background_color_gradient_stops=\"#f6f4e5 0%|rgba(255,255,255,0) 36%\" global_colors_info=\"{}\" theme_builder_area=\"post_content\"][et_pb_image src=\"https:\/\/www.alcaldesdemexico.com\/revista\/wp-content\/uploads\/2026\/08\/1.fw_11zon-1.webp\" title_text=\"1.fw_11zon (1)\" _builder_version=\"4.27.4\" _module_preset=\"default\" hover_enabled=\"0\" global_colors_info=\"{}\" theme_builder_area=\"post_content\" sticky_enabled=\"0\"][\/et_pb_image][\/et_pb_column][et_pb_column type=\"1_2\" _builder_version=\"4.16\" global_colors_info=\"{}\" theme_builder_area=\"post_content\"][et_pb_text _builder_version=\"4.27.4\" text_font=\"Roboto|300|||||||\" text_font_size=\"22px\" text_letter_spacing=\"1px\" text_line_height=\"1.8em\" header_text_align=\"center\" header_text_color=\"#628d3c\" header_font_size=\"64px\" header_2_font=\"Roboto|100|on||||||\" header_2_text_align=\"center\" z_index=\"57\" width=\"100%\" module_alignment=\"center\" custom_margin=\"0px||||false|false\" custom_padding=\"0px||0px|0px||\" hover_enabled=\"0\" text_font_size_tablet=\"\" text_font_size_phone=\"\" text_font_size_last_edited=\"on|phone\" header_font_size_tablet=\"33px\" header_font_size_phone=\"35px\" header_font_size_last_edited=\"on|phone\" header_2_font_size_tablet=\"\" header_2_font_size_phone=\"\" header_2_font_size_last_edited=\"on|desktop\" global_colors_info=\"{}\" theme_builder_area=\"post_content\" sticky_enabled=\"0\"]<p><span>Por David S\u00e1nchez<br \/><span style=\"font-size: small;\">FOTOS: CORTES\u00cdA DEL GOBIERNO MUNICIPAL DE PUEBLA<br \/><\/span><\/span><\/p>\n<p>M\u00e9xico destaca como uno de los pa\u00edses m\u00e1s avanzados en materia de transparencia. El marco normativo nacional obliga a los tres \u00f3rdenes de gobierno a publicar informaci\u00f3n para consulta ciudadana. Aunque la tecnolog\u00eda facilita este cumplimiento, diversas administraciones a\u00fan mantienen pr\u00e1cticas alejadas de los est\u00e1ndares de gobierno abierto.<\/p>[\/et_pb_text][\/et_pb_column][\/et_pb_row][et_pb_row use_custom_gutter=\"on\" gutter_width=\"1\" _builder_version=\"4.16\" width_tablet=\"\" width_phone=\"87%\" width_last_edited=\"on|desktop\" module_alignment=\"center\" custom_padding=\"||0px|2px||\" global_colors_info=\"{}\" theme_builder_area=\"post_content\"][et_pb_column type=\"4_4\" _builder_version=\"4.16\" global_colors_info=\"{}\" theme_builder_area=\"post_content\"][et_pb_text _builder_version=\"4.27.4\" text_font=\"Roboto|300|||||||\" text_font_size=\"22px\" text_letter_spacing=\"1px\" text_line_height=\"1.8em\" header_text_align=\"center\" header_text_color=\"#628d3c\" header_font_size=\"64px\" header_2_font=\"Roboto|100|on||||||\" header_2_text_align=\"center\" z_index=\"57\" width=\"100%\" module_alignment=\"center\" custom_margin=\"0px||||false|false\" custom_padding=\"0px||0px|||\" hover_enabled=\"0\" text_font_size_tablet=\"\" text_font_size_phone=\"\" text_font_size_last_edited=\"on|phone\" header_font_size_tablet=\"33px\" header_font_size_phone=\"35px\" header_font_size_last_edited=\"on|phone\" header_2_font_size_tablet=\"\" header_2_font_size_phone=\"\" header_2_font_size_last_edited=\"on|desktop\" global_colors_info=\"{}\" theme_builder_area=\"post_content\" sticky_enabled=\"0\"]<p dir=\"ltr\">El Presidente Municipal de Puebla, Jos\u00e9 Chedraui Budib, detect\u00f3 \u00e1reas de oportunidad al asumir el cargo en 2024, tras identificar que la gesti\u00f3n previa ignor\u00f3 la normatividad de la Plataforma Nacional de Transparencia. En entrevista con <em>Alcaldes de M\u00e9xico<\/em>, explica: \"Encontramos, por ejemplo, informaci\u00f3n desactualizada, incompleta, incongruente, as\u00ed como hiperv\u00ednculos que no remit\u00edan a la documentaci\u00f3n correspondiente y documentaci\u00f3n omitida\".<\/p>\n<p dir=\"ltr\">El gobierno municipal va m\u00e1s all\u00e1 del cumplimiento normativo b\u00e1sico. El alcalde busca transformar la relaci\u00f3n entre el municipio y la ciudadan\u00eda mediante informaci\u00f3n de inter\u00e9s p\u00fablico generada de forma constante. Esta apuesta refuerza la construcci\u00f3n de un gobierno abierto y cercano.<\/p>\n<p dir=\"ltr\">Chedraui Budib asegura que esta estrategia permite ofrecer datos relevantes a todos los sectores sociales sin distinci\u00f3n econ\u00f3mica o social. \"Por ello, instrumentamos esta pol\u00edtica transversal, toda vez que no puede existir una apertura gubernamental real sin la participaci\u00f3n activa de todas y cada una de las regidur\u00edas, dependencias y entidades que integran la administraci\u00f3n p\u00fablica municipal. Para lograrlo, nos apoyamos en las tecnolog\u00edas de la informaci\u00f3n y en mecanismos innovadores que nos permiten alcanzar a un mayor n\u00famero de personas\".<\/p>\n<p dir=\"ltr\">Todas las dependencias y entidades municipales adoptaron medidas para garantizar que la informaci\u00f3n publicada cumpliera con los criterios de integralidad, verificaci\u00f3n, actualizaci\u00f3n y formatos abiertos. \"El compromiso siempre ha sido transparentar el ejercicio de los recursos p\u00fablicos en el municipio, porque mientras m\u00e1s activa sea la gente, m\u00e1s obligados estamos a entregar mejores resultados. Ese es el verdadero esp\u00edritu del servicio p\u00fablico\", subraya Chedraui Budib.<\/p>\n<p><strong>Transparencia transversal\u00a0<\/strong><\/p>\n<p dir=\"ltr\">El gobierno municipal cre\u00f3 el Portal de Gobierno Abierto, un espacio digital accesible y de f\u00e1cil navegaci\u00f3n que concentra la informaci\u00f3n p\u00fablica de regidur\u00edas, dependencias y entidades municipales.<\/p>\n<p dir=\"ltr\">Laura Elizabeth Garc\u00eda Gonz\u00e1lez, Coordinadora General de Transparencia y Municipio Abierto de Puebla, explica que la construcci\u00f3n de este portal parte de una estrategia para constituir un esquema de gobernanza transversal, enfocado en transparentar el quehacer de la administraci\u00f3n p\u00fablica local. \"A trav\u00e9s de esta plataforma ponemos a disposici\u00f3n de los ciudadanos la informaci\u00f3n p\u00fablica proactiva y de inter\u00e9s para la comunidad, integrando adem\u00e1s los datos m\u00e1s solicitados mediante el ejercicio del derecho de acceso a la informaci\u00f3n y aquellos que se publican en la Plataforma Nacional de Transparencia\".<\/p>\n<p dir=\"ltr\">El portal integra un apartado espec\u00edfico de Transparencia Fiscal, estructurado conforme al ciclo presupuestario y alineado con el \u00cdndice de Transparencia y Disponibilidad de la Informaci\u00f3n Fiscal 2024-2025. En este espacio, el municipio concentra la informaci\u00f3n financiera utilizada para evaluar la eficiencia del gasto p\u00fablico.<\/p>\n<p dir=\"ltr\">El gobierno municipal tambi\u00e9n desarroll\u00f3 una serie de cuadernillos sobre protecci\u00f3n de datos personales dirigidos a distintos sectores de la poblaci\u00f3n, con lenguaje accesible, actividades did\u00e1cticas y ejemplos cotidianos. Estos materiales acumulan m\u00e1s de 5 mil descargas y, por su enfoque innovador, obtuvieron el Premio al Proyecto Enfocado a la Seguridad de la Informaci\u00f3n u-Gob 2025, en la categor\u00eda municipal.<\/p>[\/et_pb_text][\/et_pb_column][\/et_pb_row][et_pb_row _builder_version=\"4.16\" global_colors_info=\"{}\" theme_builder_area=\"post_content\"][et_pb_column type=\"4_4\" _builder_version=\"4.16\" global_colors_info=\"{}\" theme_builder_area=\"post_content\"][et_pb_image src=\"https:\/\/www.alcaldesdemexico.com\/revista\/wp-content\/uploads\/2026\/08\/2.fw_11zon-1-scaled.webp\" force_fullwidth=\"on\" _builder_version=\"4.27.4\" hover_enabled=\"0\" global_colors_info=\"{}\" theme_builder_area=\"post_content\" title_text=\"2.fw_11zon (1)\" sticky_enabled=\"0\"][\/et_pb_image][\/et_pb_column][\/et_pb_row][et_pb_row column_structure=\"2_3,1_3\" _builder_version=\"4.16\" global_colors_info=\"{}\" theme_builder_area=\"post_content\"][et_pb_column type=\"2_3\" _builder_version=\"4.16\" global_colors_info=\"{}\" theme_builder_area=\"post_content\"][et_pb_text _builder_version=\"4.27.4\" text_font=\"Roboto|300|||||||\" text_font_size=\"22px\" text_letter_spacing=\"1px\" text_line_height=\"1.8em\" header_text_align=\"center\" header_text_color=\"#628d3c\" header_font_size=\"64px\" header_2_font=\"Roboto|100|on||||||\" header_2_text_align=\"center\" z_index=\"57\" width=\"100%\" module_alignment=\"center\" custom_margin=\"0px||||false|false\" custom_padding=\"0px||0px|||\" hover_enabled=\"0\" text_font_size_tablet=\"\" text_font_size_phone=\"\" text_font_size_last_edited=\"on|phone\" header_font_size_tablet=\"33px\" header_font_size_phone=\"35px\" header_font_size_last_edited=\"on|phone\" header_2_font_size_tablet=\"\" header_2_font_size_phone=\"\" header_2_font_size_last_edited=\"on|desktop\" global_colors_info=\"{}\" theme_builder_area=\"post_content\" sticky_enabled=\"0\"]<p><strong>Liderazgo municipal\u00a0<\/strong><\/p>\n<p dir=\"ltr\">Las acciones del gobierno municipal en materia de transparencia proactiva han generado m\u00faltiples reconocimientos de instituciones p\u00fablicas y privadas.<\/p>\n<p dir=\"ltr\">En marzo de 2026, la consultora Gobernova evalu\u00f3 a 170 municipios del pa\u00eds mediante el \u00cdndice de Informaci\u00f3n para la Evaluaci\u00f3n Presupuestal Municipal (IIEPM) 2025. Puebla obtuvo el primer lugar nacional en informaci\u00f3n sobre los Programas Anuales de Evaluaci\u00f3n (PAE), utilizados por los gobiernos municipales para verificar el cumplimiento normativo y promover un gasto p\u00fablico transparente y de calidad. El municipio fue el \u00fanico ayuntamiento del pa\u00eds en alcanzar el 100 por ciento de calificaci\u00f3n en el IIEPM 2025, adem\u00e1s de recibir reconocimiento por dos buenas pr\u00e1cticas.<\/p>\n<p dir=\"ltr\">La capital poblana tambi\u00e9n recibi\u00f3 el distintivo Lupa de G\u00e9nero en los Programas Presupuestarios, otorgado por integrar la perspectiva de g\u00e9nero en la planeaci\u00f3n y evaluaci\u00f3n de sus pol\u00edticas p\u00fablicas a trav\u00e9s del Programa para la No Discriminaci\u00f3n e Igualdad de G\u00e9nero.<\/p>\n<p dir=\"ltr\">La Secretar\u00eda de Gobernaci\u00f3n (Segob) federal otorg\u00f3 a Puebla el primer lugar entre los municipios del estado en la implementaci\u00f3n de la Gu\u00eda Consultiva de Desempe\u00f1o Municipal 2025, coordinada por el Instituto Nacional para el Federalismo y el Desarrollo Municipal (Inafed). La dependencia reconoci\u00f3 evidencia s\u00f3lida, procesos ordenados, normatividad actualizada, disciplina financiera responsable y mecanismos de control interno fortalecidos, con una calificaci\u00f3n perfecta en el m\u00f3dulo de Gobierno Abierto.<\/p>[\/et_pb_text][\/et_pb_column][et_pb_column type=\"1_3\" _builder_version=\"4.16\" background_color=\"#ffffff\" global_colors_info=\"{}\" theme_builder_area=\"post_content\"][et_pb_text ul_type=\"none\" ul_position=\"inside\" _builder_version=\"4.27.4\" text_font=\"Roboto|700|||||||\" text_text_color=\"#FFFFFF\" text_font_size=\"22px\" text_letter_spacing=\"1px\" text_line_height=\"1.8em\" ul_font=\"Roboto|500||on|||||\" ul_text_color=\"#97999b\" ol_font=\"Roboto|500|||||||\" ol_text_color=\"#e09900\" header_text_align=\"center\" header_text_color=\"#628d3c\" header_font_size=\"64px\" header_2_font=\"Roboto|100|on||||||\" header_2_text_align=\"center\" background_color=\"#f3cb51\" z_index=\"57\" width=\"100%\" module_alignment=\"center\" custom_margin=\"0px||||false|false\" custom_padding=\"25px|10px|25px|10px|false|false\" hover_enabled=\"0\" text_font_size_tablet=\"\" text_font_size_phone=\"\" text_font_size_last_edited=\"on|phone\" header_font_size_tablet=\"33px\" header_font_size_phone=\"35px\" header_font_size_last_edited=\"on|phone\" header_2_font_size_tablet=\"\" header_2_font_size_phone=\"\" header_2_font_size_last_edited=\"on|desktop\" border_color_all=\"#f15322\" global_colors_info=\"{}\" theme_builder_area=\"post_content\" sticky_enabled=\"0\"]<span style=\"color: #ed6944;\"><strong>\u2731 <\/strong><\/span><span style=\"font-weight: 400;\">Puebla fue el \u00fanico ayuntamiento en alcanzar el 100 por ciento en el IIEPM 2025 y liderar la evaluaci\u00f3n nacional<\/span>[\/et_pb_text][et_pb_text ul_type=\"none\" ul_position=\"inside\" _builder_version=\"4.27.4\" text_font=\"Roboto|700|||||||\" text_text_color=\"#FFFFFF\" text_font_size=\"22px\" text_letter_spacing=\"1px\" text_line_height=\"1.8em\" ul_font=\"Roboto|500||on|||||\" ul_text_color=\"#97999b\" ol_font=\"Roboto|500|||||||\" ol_text_color=\"#e09900\" header_text_align=\"center\" header_text_color=\"#628d3c\" header_font_size=\"64px\" header_2_font=\"Roboto|100|on||||||\" header_2_text_align=\"center\" background_color=\"#ed6944\" z_index=\"57\" width=\"100%\" module_alignment=\"center\" custom_margin=\"0px||||false|false\" custom_padding=\"25px|10px|25px|10px|false|false\" hover_enabled=\"0\" text_font_size_tablet=\"\" text_font_size_phone=\"\" text_font_size_last_edited=\"on|phone\" header_font_size_tablet=\"33px\" header_font_size_phone=\"35px\" header_font_size_last_edited=\"on|phone\" header_2_font_size_tablet=\"\" header_2_font_size_phone=\"\" header_2_font_size_last_edited=\"on|desktop\" border_color_all=\"#f15322\" global_colors_info=\"{}\" theme_builder_area=\"post_content\" sticky_enabled=\"0\"]<span style=\"color: #519f94;\"><strong>\u2731 <\/strong><\/span><span style=\"font-weight: 400;\">La ciudad obtuvo el primer lugar entre 170 municipios evaluados por Gobernova, con dos buenas pr\u00e1cticas reconocidas<\/span>[\/et_pb_text][et_pb_text ul_type=\"none\" ul_position=\"inside\" _builder_version=\"4.27.4\" text_font=\"Roboto|700|||||||\" text_text_color=\"#FFFFFF\" text_font_size=\"22px\" text_letter_spacing=\"1px\" text_line_height=\"1.8em\" ul_font=\"Roboto|500||on|||||\" ul_text_color=\"#97999b\" ol_font=\"Roboto|500|||||||\" ol_text_color=\"#e09900\" header_text_align=\"center\" header_text_color=\"#628d3c\" header_font_size=\"64px\" header_2_font=\"Roboto|100|on||||||\" header_2_text_align=\"center\" background_color=\"#169080\" z_index=\"57\" width=\"100%\" module_alignment=\"center\" custom_margin=\"0px||||false|false\" custom_padding=\"25px|10px|25px|10px|false|false\" hover_enabled=\"0\" text_font_size_tablet=\"\" text_font_size_phone=\"\" text_font_size_last_edited=\"on|phone\" header_font_size_tablet=\"33px\" header_font_size_phone=\"35px\" header_font_size_last_edited=\"on|phone\" header_2_font_size_tablet=\"\" header_2_font_size_phone=\"\" header_2_font_size_last_edited=\"on|desktop\" border_color_all=\"#f15322\" global_colors_info=\"{}\" theme_builder_area=\"post_content\" sticky_enabled=\"0\"]<span style=\"color: #e5c754;\"><strong>\u2731 <\/strong><\/span><span style=\"font-weight: 400;\">El Portal de Gobierno Abierto concentra informaci\u00f3n p\u00fablica, fiscal y de inter\u00e9s ciudadano en un solo espacio digital<\/span>[\/et_pb_text][\/et_pb_column][\/et_pb_row][et_pb_row use_custom_gutter=\"on\" gutter_width=\"1\" _builder_version=\"4.16\" width_tablet=\"\" width_phone=\"87%\" width_last_edited=\"on|desktop\" module_alignment=\"center\" custom_padding=\"||0px|2px||\" global_colors_info=\"{}\" theme_builder_area=\"post_content\"][et_pb_column type=\"4_4\" _builder_version=\"4.16\" global_colors_info=\"{}\" theme_builder_area=\"post_content\"][et_pb_text _builder_version=\"4.27.4\" text_font=\"Roboto|900|||||||\" text_font_size=\"22px\" text_letter_spacing=\"1px\" text_line_height=\"1.8em\" header_font=\"Roboto||||||||\" header_text_align=\"center\" header_text_color=\"#808285\" header_font_size=\"42px\" header_2_font=\"Roboto|100|on||||||\" header_2_text_align=\"center\" header_3_font=\"Roboto|900|||||||\" header_3_text_align=\"center\" header_3_text_color=\"#a8a8a8\" header_3_font_size=\"33px\" z_index=\"57\" width=\"100%\" module_alignment=\"center\" custom_margin=\"0px||||false|false\" custom_padding=\"0px||0px|||\" hover_enabled=\"0\" text_font_size_tablet=\"\" text_font_size_phone=\"\" text_font_size_last_edited=\"on|phone\" header_font_size_tablet=\"24px\" header_font_size_phone=\"25px\" header_font_size_last_edited=\"on|desktop\" header_2_font_size_tablet=\"\" header_2_font_size_phone=\"\" header_2_font_size_last_edited=\"on|desktop\" global_colors_info=\"{}\" theme_builder_area=\"post_content\" sticky_enabled=\"0\"]<h3><span style=\"font-weight: 400;\"><span>\"Generar informaci\u00f3n proactiva y de inter\u00e9s p\u00fablico es fundamental para consolidar un gobierno aut\u00e9nticamente abierto y cercano.\"<\/span><\/span><\/h3>[\/et_pb_text][et_pb_team_member name=\"Jos\u00e9 Chedraui Budib\" position=\"Presidente Municipal de Puebla, Pue.\" image_url=\"https:\/\/www.alcaldesdemexico.com\/revista\/wp-content\/uploads\/2026\/08\/3.fw_11zon-1.webp\" use_icon_font_size=\"on\" _builder_version=\"4.27.4\" _module_preset=\"default\" header_font=\"Roboto|300|||||||\" header_text_color=\"#a3a4a7\" header_font_size=\"20px\" position_font=\"Roboto||||||||\" position_text_color=\"#000000\" position_font_size=\"20px\" position_line_height=\"1.5em\" text_orientation=\"right\" hover_enabled=\"0\" header_font_size_tablet=\"18px\" header_font_size_phone=\"18px\" header_font_size_last_edited=\"on|tablet\" body_text_align_tablet=\"\" body_text_align_phone=\"center\" body_text_align_last_edited=\"on|desktop\" body_font_size_phone=\"1px\" body_font_size_last_edited=\"off|phone\" position_font_size_tablet=\"18px\" position_font_size_phone=\"17px\" position_font_size_last_edited=\"on|desktop\" custom_css_main_element=\"display: flex;||flex-direction: row-reverse;||align-items: center;||gap: 30px;||margin-bottom: 0px !important;||display: flex;||flex-direction: row-reverse;||align-items: flex-end; \/* Esta es la l\u00ednea que cambia todo hacia abajo *\/||gap: 30px;||padding-bottom: 0px !important;||margin-bottom: 0px !important;||display: flex;||flex-direction: row-reverse;||align-items: flex-end;\" custom_css_member_image=\"width: 150px !important; ||margin-bottom: 0px !important;||margin-left: 20px !important;\" global_colors_info=\"{}\" custom_css_main_element_last_edited=\"on|phone\" custom_css_main_element_phone=\"width: 150px !important;||margin: 0 auto 20px auto !important;\" custom_css_main_element_tablet=\"display: flex;||flex-direction: row-reverse;||align-items: center;||gap: 30px;||margin-bottom: 0px !important;||display: flex;||flex-direction: row-reverse;||align-items: flex-end; \/* Esta es la l\u00ednea que cambia todo hacia abajo *\/||gap: 30px;||padding-bottom: 0px !important;||margin-bottom: 0px !important;||display: flex;||flex-direction: row-reverse;||align-items: flex-end;\" custom_css_member_image_last_edited=\"on|phone\" custom_css_member_image_phone=\"br\" custom_css_member_image_tablet=\"width: 150px !important; ||margin-bottom: 0px !important;||margin-left: 20px !important;\" theme_builder_area=\"post_content\" title_text=\"3.fw_11zon (1)\" sticky_enabled=\"0\"][\/et_pb_team_member][\/et_pb_column][\/et_pb_row][et_pb_row use_custom_gutter=\"on\" gutter_width=\"1\" _builder_version=\"4.16\" width_tablet=\"\" width_phone=\"87%\" width_last_edited=\"on|desktop\" module_alignment=\"center\" custom_padding=\"||0px|2px||\" global_colors_info=\"{}\" theme_builder_area=\"post_content\"][et_pb_column type=\"4_4\" _builder_version=\"4.16\" global_colors_info=\"{}\" theme_builder_area=\"post_content\"][et_pb_text _builder_version=\"4.27.4\" text_font=\"Roboto|300|||||||\" text_font_size=\"22px\" text_letter_spacing=\"1px\" text_line_height=\"1.8em\" header_text_align=\"center\" header_text_color=\"#628d3c\" header_font_size=\"64px\" header_2_font=\"Roboto|100|on||||||\" header_2_text_align=\"center\" z_index=\"57\" width=\"100%\" module_alignment=\"center\" custom_margin=\"0px||||false|false\" custom_padding=\"0px||0px|||\" hover_enabled=\"0\" text_font_size_tablet=\"\" text_font_size_phone=\"\" text_font_size_last_edited=\"on|phone\" header_font_size_tablet=\"33px\" header_font_size_phone=\"35px\" header_font_size_last_edited=\"on|phone\" header_2_font_size_tablet=\"\" header_2_font_size_phone=\"\" header_2_font_size_last_edited=\"on|desktop\" global_colors_info=\"{}\" theme_builder_area=\"post_content\" sticky_enabled=\"0\"]<p>Chedraui Budib considera que estos galardones respaldan el rumbo de la administraci\u00f3n. \"Haber alcanzado simult\u00e1neamente estos reconocimientos nos da la certeza de que estamos haciendo las cosas bien. Evaluadoras de los \u00e1mbitos p\u00fablico y privado han determinado que el gobierno de la ciudad ha dado grandes pasos en transparencia, especialmente en la proactiva, lo que refrenda nuestro compromiso de ser un gobierno abierto. Para nosotros, generar confianza en la ciudadan\u00eda es fundamental\".<\/p>\n<p><strong>Referente nacional<\/strong><\/p>\n<p dir=\"ltr\">La proactividad en materia de transparencia tambi\u00e9n est\u00e1 reflejada en iniciativas para combatir la opacidad, brindar el acceso a la informaci\u00f3n p\u00fablica, la protecci\u00f3n de datos personales y la participaci\u00f3n ciudadana, como capacitaci\u00f3n, investigaci\u00f3n, difusi\u00f3n y vinculaci\u00f3n, las cuales han permitido fortalecer la cultura de gobierno abierto.<\/p>\n<p dir=\"ltr\">En septiembre de 2025, el ayuntamiento de Puebla constituy\u00f3 la Alianza Universitaria para el Gobierno Abierto junto con instituciones como la Escuela Libre de Derecho de Puebla, la Universidad del Valle de Puebla, la Universidad An\u00e1huac Puebla, la Universidad Iberoamericana Puebla, el Instituto de Estudios Universitarios y la Asociaci\u00f3n de Universidades e Instituciones de Educaci\u00f3n Media Superior y Superior.<\/p>\n<p dir=\"ltr\">El Presidente Municipal, Jos\u00e9 Chedraui Budib, asegura que \"gracias a estas acciones hemos logrado posicionarnos como un referente nacional en materia de transparencia, recibiendo reconocimientos por nuestra apertura institucional y buenas pr\u00e1cticas. Sin embargo, no estamos conformes con eso, porque los habitantes de nuestra ciudad merecen m\u00e1s y mejor informaci\u00f3n. La confianza se demuestra con hechos\", concluye.<\/p>[\/et_pb_text][\/et_pb_column][\/et_pb_row][\/et_pb_section]\n","protected":false},"excerpt":{"rendered":"<p>Puebla fortalece la transparencia y participaci\u00f3n ciudadana con una administraci\u00f3n abierta, accesible y confiable<\/p>\n","protected":false},"author":3,"featured_media":49233,"comment_status":"open","ping_status":"open","sticky":false,"template":"","format":"standard","meta":{"_et_pb_use_builder":"on","_et_pb_old_content":"","_et_gb_content_width":"2880","footnotes":""},"categories":[23,1603,1602],"tags":[],"class_list":["post-49230","post","type-post","status-publish","format-standard","has-post-thumbnail","hentry","category-alcaldes-de-mexico","category-aniversario-2026","category-septiembre-2026"],"aioseo_notices":[],"_links":{"self":[{"href":"https:\/\/www.alcaldesdemexico.com\/revista\/wp-json\/wp\/v2\/posts\/49230","targetHints":{"allow":["GET"]}}],"collection":[{"href":"https:\/\/www.alcaldesdemexico.com\/revista\/wp-json\/wp\/v2\/posts"}],"about":[{"href":"https:\/\/www.alcaldesdemexico.com\/revista\/wp-json\/wp\/v2\/types\/post"}],"author":[{"embeddable":true,"href":"https:\/\/www.alcaldesdemexico.com\/revista\/wp-json\/wp\/v2\/users\/3"}],"replies":[{"embeddable":true,"href":"https:\/\/www.alcaldesdemexico.com\/revista\/wp-json\/wp\/v2\/comments?post=49230"}],"version-history":[{"count":3,"href":"https:\/\/www.alcaldesdemexico.com\/revista\/wp-json\/wp\/v2\/posts\/49230\/revisions"}],"predecessor-version":[{"id":49238,"href":"https:\/\/www.alcaldesdemexico.com\/revista\/wp-json\/wp\/v2\/posts\/49230\/revisions\/49238"}],"wp:featuredmedia":[{"embeddable":true,"href":"https:\/\/www.alcaldesdemexico.com\/revista\/wp-json\/wp\/v2\/media\/49233"}],"wp:attachment":[{"href":"https:\/\/www.alcaldesdemexico.com\/revista\/wp-json\/wp\/v2\/media?parent=49230"}],"wp:term":[{"taxonomy":"category","embeddable":true,"href":"https:\/\/www.alcaldesdemexico.com\/revista\/wp-json\/wp\/v2\/categories?post=49230"},{"taxonomy":"post_tag","embeddable":true,"href":"https:\/\/www.alcaldesdemexico.com\/revista\/wp-json\/wp\/v2\/tags?post=49230"}],"curies":[{"name":"wp","href":"https:\/\/api.w.org\/{rel}","templated":true}]}}