{"id":49240,"date":"2026-08-21T17:55:18","date_gmt":"2026-08-21T17:55:18","guid":{"rendered":"https:\/\/www.alcaldesdemexico.com\/revista\/?p=49240"},"modified":"2026-08-22T00:42:43","modified_gmt":"2026-08-22T00:42:43","slug":"limpieza-colaborativa","status":"publish","type":"post","link":"https:\/\/www.alcaldesdemexico.com\/revista\/alcaldes-de-mexico\/limpieza-colaborativa\/","title":{"rendered":"Limpieza colaborativa"},"content":{"rendered":"<p>[et_pb_section fb_built=\"1\" _builder_version=\"4.16\" width=\"80%\" width_tablet=\"100%\" width_phone=\"100%\" width_last_edited=\"on|phone\" max_width=\"100%\" module_alignment=\"center\" custom_padding=\"|0px||0px|false|false\" border_color_all=\"#e9ebdd\" border_width_top=\"0px\" global_colors_info=\"{}\"][et_pb_row _builder_version=\"4.16\" global_colors_info=\"{}\"][et_pb_column type=\"4_4\" _builder_version=\"4.16\" global_colors_info=\"{}\"][et_pb_image src=\"https:\/\/www.alcaldesdemexico.com\/revista\/wp-content\/uploads\/2026\/08\/4_11zon-13.webp\" title_text=\"4_11zon (13)\" align=\"center\" _builder_version=\"4.27.4\" global_colors_info=\"{}\"][\/et_pb_image][\/et_pb_column][\/et_pb_row][et_pb_row _builder_version=\"4.16\" width_tablet=\"100%\" width_phone=\"\" width_last_edited=\"on|desktop\" module_alignment=\"center\" min_height=\"308px\" custom_margin=\"|||118px|false|false\" custom_padding=\"||4px||false|false\" global_colors_info=\"{}\"][et_pb_column type=\"4_4\" _builder_version=\"4.16\" global_colors_info=\"{}\"][et_pb_code _builder_version=\"4.16\" global_colors_info=\"{}\"]<script type=\"text\/javascript\"><!-- [et_pb_line_break_holder] -->\t(function($){<!-- [et_pb_line_break_holder] -->\t$(document).ready(function() {<!-- [et_pb_line_break_holder] -->\t  $( '#videopopup a' ).addClass('popup-video');<!-- [et_pb_line_break_holder] -->\t    $('.popup-video').magnificPopup({<!-- [et_pb_line_break_holder] -->\t        disableOn: 100,<!-- [et_pb_line_break_holder] -->\t        type: 'iframe',<!-- [et_pb_line_break_holder] -->\t        mainClass: 'mfp-fade',<!-- [et_pb_line_break_holder] -->\t        removalDelay: 160,<!-- [et_pb_line_break_holder] -->\t        preloader: false,<!-- [et_pb_line_break_holder] -->\t        fixedContentPos: false<!-- [et_pb_line_break_holder] -->\t    });<!-- [et_pb_line_break_holder] -->\t});<!-- [et_pb_line_break_holder] -->\t})(jQuery)<!-- [et_pb_line_break_holder] --><\/script>[\/et_pb_code][et_pb_text _builder_version=\"4.27.4\" header_font=\"Roboto|900|||||||\" header_text_align=\"center\" header_text_color=\"#000000\" header_font_size=\"67px\" header_2_font=\"Roboto|100|on||||||\" header_2_text_align=\"center\" width=\"80%\" width_tablet=\"\" width_phone=\"100%\" width_last_edited=\"on|desktop\" max_width=\"100%\" module_alignment=\"center\" text_font_size_tablet=\"\" text_font_size_phone=\"\" text_font_size_last_edited=\"on|desktop\" header_font_size_tablet=\"43px\" header_font_size_phone=\"28px\" header_font_size_last_edited=\"on|tablet\" header_2_font_size_tablet=\"\" header_2_font_size_phone=\"\" header_2_font_size_last_edited=\"on|desktop\" global_colors_info=\"{}\"]<\/p>\n<h1 style=\"text-align: center;\"><span>AMBIENTE DE ORGANIZACI\u00d3N, FUERZA Y ESPERANZA<br \/><\/span><\/h1>\n<p>&nbsp;<\/p>\n<h2 style=\"text-align: center;\">Un novedoso programa ha fortalecido la convivencia vecinal, la confianza de la ciudadan\u00eda en el gobierno y el sentido de comunidad<\/h2>\n<p>[\/et_pb_text][\/et_pb_column][\/et_pb_row][et_pb_row column_structure=\"1_2,1_2\" _builder_version=\"4.27.4\" locked=\"off\" global_colors_info=\"{}\"][et_pb_column type=\"1_2\" _builder_version=\"4.27.4\" use_background_color_gradient=\"on\" background_color_gradient_direction=\"90deg\" background_color_gradient_stops=\"#f6f4e5 0%|rgba(255,255,255,0) 36%\" global_colors_info=\"{}\"][et_pb_image src=\"https:\/\/www.alcaldesdemexico.com\/revista\/wp-content\/uploads\/2026\/08\/1.fw_11zon-2.webp\" title_text=\"1.fw_11zon (2)\" _builder_version=\"4.27.4\" _module_preset=\"default\" global_colors_info=\"{}\"][\/et_pb_image][\/et_pb_column][et_pb_column type=\"1_2\" _builder_version=\"4.16\" global_colors_info=\"{}\"][et_pb_text _builder_version=\"4.27.4\" text_font=\"Roboto|300|||||||\" text_font_size=\"22px\" text_letter_spacing=\"1px\" text_line_height=\"1.8em\" header_text_align=\"center\" header_text_color=\"#628d3c\" header_font_size=\"64px\" header_2_font=\"Roboto|100|on||||||\" header_2_text_align=\"center\" z_index=\"57\" width=\"100%\" module_alignment=\"center\" custom_margin=\"0px||||false|false\" custom_padding=\"0px||0px|0px||\" text_font_size_tablet=\"\" text_font_size_phone=\"\" text_font_size_last_edited=\"on|phone\" header_font_size_tablet=\"33px\" header_font_size_phone=\"35px\" header_font_size_last_edited=\"on|phone\" header_2_font_size_tablet=\"\" header_2_font_size_phone=\"\" header_2_font_size_last_edited=\"on|desktop\" global_colors_info=\"{}\"]<\/p>\n<p><span>Por \u00c1ngel P\u00e9rez S\u00e1nchez<br \/><span style=\"font-size: small;\">FOTOS: CORTES\u00cdA DEL GOBIERNO MUNICIPAL DE ECATEPEC<br \/><\/span><\/span><\/p>\n<p>La capacidad de los mexicanos para cohesionarse ante grandes retos una vez llam\u00f3 la atenci\u00f3n internacional. En 2025, desde las entra\u00f1as del municipio de Ecatepec, surgi\u00f3 una fuerza transformadora: una marea de 148 mil 525 voluntarios se organiz\u00f3 para recolectar basura en 78 diferentes puntos. Este esfuerzo no solo sirvi\u00f3 para mejorar y limpiar el entorno, sino tambi\u00e9n para recibir el R\u00e9cord Guinness de mayor n\u00famero de personas recolectando basura simult\u00e1neamente, que antes ostentaba la ciudad japonesa de Tokio con 146 mil 700 participantes.<\/p>\n<p>[\/et_pb_text][\/et_pb_column][\/et_pb_row][et_pb_row use_custom_gutter=\"on\" gutter_width=\"1\" _builder_version=\"4.16\" width_tablet=\"\" width_phone=\"87%\" width_last_edited=\"on|desktop\" module_alignment=\"center\" custom_padding=\"||0px|2px||\" global_colors_info=\"{}\"][et_pb_column type=\"4_4\" _builder_version=\"4.16\" global_colors_info=\"{}\"][et_pb_text _builder_version=\"4.27.4\" text_font=\"Roboto|300|||||||\" text_font_size=\"22px\" text_letter_spacing=\"1px\" text_line_height=\"1.8em\" header_text_align=\"center\" header_text_color=\"#628d3c\" header_font_size=\"64px\" header_2_font=\"Roboto|100|on||||||\" header_2_text_align=\"center\" z_index=\"57\" width=\"100%\" module_alignment=\"center\" custom_margin=\"0px||||false|false\" custom_padding=\"0px||0px|||\" hover_enabled=\"0\" text_font_size_tablet=\"\" text_font_size_phone=\"\" text_font_size_last_edited=\"on|phone\" header_font_size_tablet=\"33px\" header_font_size_phone=\"35px\" header_font_size_last_edited=\"on|phone\" header_2_font_size_tablet=\"\" header_2_font_size_phone=\"\" header_2_font_size_last_edited=\"on|desktop\" global_colors_info=\"{}\" sticky_enabled=\"0\"]<\/p>\n<p>Esa fuerza ciudadana demostr\u00f3 que la organizaci\u00f3n vecinal es la herramienta m\u00e1s poderosa para cambiar la realidad material de una comunidad, dejando claro que cuando la ciudadan\u00eda se articula, lo extraordinario se vuelve la norma. Gracias al programa Limpieza Colaborativa, impulsado por la Presidenta Municipal Azucena Cisneros Coss, el nombre de Ecatepec ya resuena en el \u00e1mbito internacional con un reconocimiento que da validez al esfuerzo colectivo. Como explica la funcionaria, se trata de un premio a la poblaci\u00f3n de Ecatepec que, por primera vez, se sinti\u00f3 convocada y escuchada para mejorar su entorno: \"No es un trofeo personal, es la constancia de que cuando gobierno y pueblo caminan juntos, lo imposible se vuelve posible\".<\/p>\n<p><strong>Recuperar el territorio y la confianza<\/strong><\/p>\n<p dir=\"ltr\">En entrevista, la edil explica c\u00f3mo se tom\u00f3 la decisi\u00f3n de atender la problem\u00e1tica de una pol\u00edtica de recolecci\u00f3n deficiente, heredada de gobiernos anteriores. Para la poblaci\u00f3n ya era normal que la basura se acumulara en calles, barrancas, camellones y espacios p\u00fablicos, lo cual ocasionaba inundaciones, enfermedades y malos olores.<\/p>\n<p dir=\"ltr\">Adem\u00e1s, los espacios abandonados y sucios contribu\u00edan a una profunda descomposici\u00f3n social, ya que originaban aislamiento vecinal y delincuencia. Azucena Cisneros asegura que al transformar estos lugares en entornos limpios y recuperados, el programa ha reactivado la convivencia social y ha fortalecido la vigilancia colectiva, lo que resulta en una reducci\u00f3n tangible en la percepci\u00f3n de inseguridad. Asimismo, este saneamiento ha generado un impacto positivo en la salud p\u00fablica, al lograr una notable disminuci\u00f3n en enfermedades gastrointestinales y respiratorias, especialmente en ni\u00f1os y adultos mayores.<\/p>\n<p dir=\"ltr\">Cisneros Coss detalla que en 541 d\u00edas de la administraci\u00f3n municipal se hab\u00edan recolectado 199 mil 524.61 toneladas de basura de calles, barrancas, camellones y espacios p\u00fablicos, material que f\u00e1cilmente llenar\u00eda 14 veces el Estadio Azteca.<\/p>\n<p dir=\"ltr\">De manera paralela, se aplica un enfoque preventivo crucial que consiste en la limpieza de barrancas y vasos reguladores para mitigar el riesgo de inundaciones. \"Hemos recuperado 150 kil\u00f3metros de camellones en 39 vialidades durante los primeros 100 d\u00edas de 2026, retirando m\u00e1s de 18 mil toneladas de basura y mejorando la imagen urbana\", comenta.<\/p>\n<p dir=\"ltr\">La autoridad tom\u00f3 el control del territorio con la instalaci\u00f3n de un sistema de vigilancia comunitaria y sanciones para quienes reinciden en malas pr\u00e1cticas. Se trata de hacer justicia, como aclara: \"Si el gobierno invierte en limpiar, la ciudadan\u00eda debe comprometerse a no ensuciar. Y si no cumple, hay gobierno que sanciona\".<\/p>\n<p>[\/et_pb_text][\/et_pb_column][\/et_pb_row][et_pb_row _builder_version=\"4.16\" global_colors_info=\"{}\"][et_pb_column type=\"4_4\" _builder_version=\"4.16\" global_colors_info=\"{}\"][et_pb_image src=\"https:\/\/www.alcaldesdemexico.com\/revista\/wp-content\/uploads\/2026\/08\/2.fw_11zon-21.webp\" title_text=\"2.fw_11zon (21)\" force_fullwidth=\"on\" _builder_version=\"4.27.4\" global_colors_info=\"{}\"][\/et_pb_image][\/et_pb_column][\/et_pb_row][et_pb_row column_structure=\"2_3,1_3\" _builder_version=\"4.16\" global_colors_info=\"{}\"][et_pb_column type=\"2_3\" _builder_version=\"4.16\" global_colors_info=\"{}\"][et_pb_text _builder_version=\"4.27.4\" text_font=\"Roboto|300|||||||\" text_font_size=\"22px\" text_letter_spacing=\"1px\" text_line_height=\"1.8em\" header_text_align=\"center\" header_text_color=\"#628d3c\" header_font_size=\"64px\" header_2_font=\"Roboto|100|on||||||\" header_2_text_align=\"center\" z_index=\"57\" width=\"100%\" module_alignment=\"center\" custom_margin=\"0px||||false|false\" custom_padding=\"0px||0px|||\" text_font_size_tablet=\"\" text_font_size_phone=\"\" text_font_size_last_edited=\"on|phone\" header_font_size_tablet=\"33px\" header_font_size_phone=\"35px\" header_font_size_last_edited=\"on|phone\" header_2_font_size_tablet=\"\" header_2_font_size_phone=\"\" header_2_font_size_last_edited=\"on|desktop\" global_colors_info=\"{}\"]<\/p>\n<p><strong>Respuesta a una demanda hist\u00f3rica<\/strong><\/p>\n<p dir=\"ltr\">Lejos de la burocracia de escritorio, el gobierno municipal apost\u00f3 por escuchar directamente a la ciudadan\u00eda. Se han llevado a cabo m\u00e1s de 200 asambleas vecinales en sus primeros seis meses de gesti\u00f3n, complementadas con una pol\u00edtica de transparencia que reporta semanalmente el tonelaje de basura recolectado y los recursos utilizados. Al constatar que las demandas hist\u00f3ricas de servicios b\u00e1sicos eran atendidas y que la autoridad respaldaba el esfuerzo comunitario con el despliegue de camiones, maquinaria y herramientas, los habitantes abandonaron el escepticismo para sumarse activamente a las faenas de limpieza urbana.<\/p>\n<p dir=\"ltr\">Si bien la obtenci\u00f3n del R\u00e9cord Guinness fue un catalizador y un poderoso incentivo, el proyecto modific\u00f3 la percepci\u00f3n social acerca de la clase pol\u00edtica; propici\u00f3 que los funcionarios fueran vistos como vecinos comprometidos con la dignidad del municipio. Azucena Cisneros sabe muy bien que la confianza no se decreta, sino que se gana con hechos. Esta iniciativa institucional ha trascendido el asistencialismo tradicional, y ha sentado las bases de un modelo de gobernanza colaborativa donde las soluciones se construyen directamente con la ciudadan\u00eda y no solo para ella.<\/p>\n<p>[\/et_pb_text][\/et_pb_column][et_pb_column type=\"1_3\" _builder_version=\"4.16\" background_color=\"#ffffff\" global_colors_info=\"{}\"][et_pb_text ul_type=\"none\" ul_position=\"inside\" _builder_version=\"4.27.4\" text_font=\"Roboto|700|||||||\" text_text_color=\"#FFFFFF\" text_font_size=\"22px\" text_letter_spacing=\"1px\" text_line_height=\"1.8em\" ul_font=\"Roboto|500||on|||||\" ul_text_color=\"#97999b\" ol_font=\"Roboto|500|||||||\" ol_text_color=\"#e09900\" header_text_align=\"center\" header_text_color=\"#628d3c\" header_font_size=\"64px\" header_2_font=\"Roboto|100|on||||||\" header_2_text_align=\"center\" background_color=\"#f3cb51\" z_index=\"57\" width=\"100%\" module_alignment=\"center\" custom_margin=\"0px||||false|false\" custom_padding=\"25px|10px|25px|10px|false|false\" text_font_size_tablet=\"\" text_font_size_phone=\"\" text_font_size_last_edited=\"on|phone\" header_font_size_tablet=\"33px\" header_font_size_phone=\"35px\" header_font_size_last_edited=\"on|phone\" header_2_font_size_tablet=\"\" header_2_font_size_phone=\"\" header_2_font_size_last_edited=\"on|desktop\" border_color_all=\"#f15322\" global_colors_info=\"{}\"]<span style=\"color: #ed6944;\"><strong>\u2731 <\/strong><\/span><span style=\"font-weight: 400;\">148,525 voluntarios se organizaron en 78 puntos para lograr el R\u00e9cord Guinness en recolecci\u00f3n de basura<\/span>[\/et_pb_text][et_pb_text ul_type=\"none\" ul_position=\"inside\" _builder_version=\"4.27.4\" text_font=\"Roboto|700|||||||\" text_text_color=\"#FFFFFF\" text_font_size=\"22px\" text_letter_spacing=\"1px\" text_line_height=\"1.8em\" ul_font=\"Roboto|500||on|||||\" ul_text_color=\"#97999b\" ol_font=\"Roboto|500|||||||\" ol_text_color=\"#e09900\" header_text_align=\"center\" header_text_color=\"#628d3c\" header_font_size=\"64px\" header_2_font=\"Roboto|100|on||||||\" header_2_text_align=\"center\" background_color=\"#ed6944\" z_index=\"57\" width=\"100%\" module_alignment=\"center\" custom_margin=\"0px||||false|false\" custom_padding=\"25px|10px|25px|10px|false|false\" text_font_size_tablet=\"\" text_font_size_phone=\"\" text_font_size_last_edited=\"on|phone\" header_font_size_tablet=\"33px\" header_font_size_phone=\"35px\" header_font_size_last_edited=\"on|phone\" header_2_font_size_tablet=\"\" header_2_font_size_phone=\"\" header_2_font_size_last_edited=\"on|desktop\" border_color_all=\"#f15322\" global_colors_info=\"{}\"]<span style=\"color: #519f94;\"><strong>\u2731 <\/strong><\/span><span style=\"font-weight: 400;\">En 541 d\u00edas se hab\u00edan recolectado casi 200,000 toneladas de basura, con las que se podr\u00eda llenar 14 veces el Estadio Azteca<\/span>[\/et_pb_text][et_pb_text ul_type=\"none\" ul_position=\"inside\" _builder_version=\"4.27.4\" text_font=\"Roboto|700|||||||\" text_text_color=\"#FFFFFF\" text_font_size=\"22px\" text_letter_spacing=\"1px\" text_line_height=\"1.8em\" ul_font=\"Roboto|500||on|||||\" ul_text_color=\"#97999b\" ol_font=\"Roboto|500|||||||\" ol_text_color=\"#e09900\" header_text_align=\"center\" header_text_color=\"#628d3c\" header_font_size=\"64px\" header_2_font=\"Roboto|100|on||||||\" header_2_text_align=\"center\" background_color=\"#169080\" z_index=\"57\" width=\"100%\" module_alignment=\"center\" custom_margin=\"0px||||false|false\" custom_padding=\"25px|10px|25px|10px|false|false\" text_font_size_tablet=\"\" text_font_size_phone=\"\" text_font_size_last_edited=\"on|phone\" header_font_size_tablet=\"33px\" header_font_size_phone=\"35px\" header_font_size_last_edited=\"on|phone\" header_2_font_size_tablet=\"\" header_2_font_size_phone=\"\" header_2_font_size_last_edited=\"on|desktop\" border_color_all=\"#f15322\" global_colors_info=\"{}\"]<span style=\"color: #e5c754;\"><strong>\u2731 <\/strong><\/span><span style=\"font-weight: 400;\">El programa de recolecci\u00f3n nocturna gratuita opera con 20 rutas permanentes y atiende a m\u00e1s de 300 colonias<\/span>[\/et_pb_text][\/et_pb_column][\/et_pb_row][et_pb_row use_custom_gutter=\"on\" gutter_width=\"1\" _builder_version=\"4.16\" width_tablet=\"\" width_phone=\"87%\" width_last_edited=\"on|desktop\" module_alignment=\"center\" custom_padding=\"||0px|2px||\" global_colors_info=\"{}\"][et_pb_column type=\"4_4\" _builder_version=\"4.16\" global_colors_info=\"{}\"][et_pb_text _builder_version=\"4.27.4\" text_font=\"Roboto|900|||||||\" text_font_size=\"22px\" text_letter_spacing=\"1px\" text_line_height=\"1.8em\" header_font=\"Roboto||||||||\" header_text_align=\"center\" header_text_color=\"#808285\" header_font_size=\"42px\" header_2_font=\"Roboto|100|on||||||\" header_2_text_align=\"center\" header_3_font=\"Roboto|900|||||||\" header_3_text_align=\"center\" header_3_text_color=\"#a8a8a8\" header_3_font_size=\"33px\" z_index=\"57\" width=\"100%\" module_alignment=\"center\" custom_margin=\"0px||||false|false\" custom_padding=\"0px||0px|||\" text_font_size_tablet=\"\" text_font_size_phone=\"\" text_font_size_last_edited=\"on|phone\" header_font_size_tablet=\"24px\" header_font_size_phone=\"25px\" header_font_size_last_edited=\"on|desktop\" header_2_font_size_tablet=\"\" header_2_font_size_phone=\"\" header_2_font_size_last_edited=\"on|desktop\" global_colors_info=\"{}\"]<\/p>\n<h3><span style=\"font-weight: 400;\"><span>\"Limpieza Colaborativa tiene la fortaleza y el compromiso para permanecer durante los pr\u00f3ximos a\u00f1os. Es una pol\u00edtica p\u00fablica de estado.\"<\/span><\/span><\/h3>\n<p>[\/et_pb_text][et_pb_team_member name=\"Azucena Cisneros Coss\" position=\"Presidenta Municipal de Ecatepec, M\u00e9x.\" image_url=\"https:\/\/www.alcaldesdemexico.com\/revista\/wp-content\/uploads\/2026\/08\/3.fw_11zon-2.webp\" use_icon_font_size=\"on\" _builder_version=\"4.27.4\" _module_preset=\"default\" header_font=\"Roboto|300|||||||\" header_text_color=\"#a3a4a7\" header_font_size=\"20px\" position_font=\"Roboto||||||||\" position_text_color=\"#000000\" position_font_size=\"20px\" position_line_height=\"1.5em\" text_orientation=\"right\" header_font_size_tablet=\"18px\" header_font_size_phone=\"18px\" header_font_size_last_edited=\"on|tablet\" body_text_align_tablet=\"\" body_text_align_phone=\"center\" body_text_align_last_edited=\"on|desktop\" body_font_size_phone=\"1px\" body_font_size_last_edited=\"off|phone\" position_font_size_tablet=\"18px\" position_font_size_phone=\"17px\" position_font_size_last_edited=\"on|desktop\" custom_css_main_element=\"display: flex;||flex-direction: row-reverse;||align-items: center;||gap: 30px;||margin-bottom: 0px !important;||display: flex;||flex-direction: row-reverse;||align-items: flex-end; \/* Esta es la l\u00ednea que cambia todo hacia abajo *\/||gap: 30px;||padding-bottom: 0px !important;||margin-bottom: 0px !important;||display: flex;||flex-direction: row-reverse;||align-items: flex-end;\" custom_css_member_image=\"width: 150px !important; ||margin-bottom: 0px !important;||margin-left: 20px !important;\" global_colors_info=\"{}\" custom_css_main_element_last_edited=\"on|phone\" custom_css_main_element_phone=\"width: 150px !important;||margin: 0 auto 20px auto !important;\" custom_css_main_element_tablet=\"display: flex;||flex-direction: row-reverse;||align-items: center;||gap: 30px;||margin-bottom: 0px !important;||display: flex;||flex-direction: row-reverse;||align-items: flex-end; \/* Esta es la l\u00ednea que cambia todo hacia abajo *\/||gap: 30px;||padding-bottom: 0px !important;||margin-bottom: 0px !important;||display: flex;||flex-direction: row-reverse;||align-items: flex-end;\" custom_css_member_image_last_edited=\"on|phone\" custom_css_member_image_phone=\"br\" custom_css_member_image_tablet=\"width: 150px !important; ||margin-bottom: 0px !important;||margin-left: 20px !important;\" custom_padding=\"||0px|||\"][\/et_pb_team_member][\/et_pb_column][\/et_pb_row][et_pb_row use_custom_gutter=\"on\" gutter_width=\"1\" _builder_version=\"4.16\" width_tablet=\"\" width_phone=\"87%\" width_last_edited=\"on|desktop\" module_alignment=\"center\" custom_padding=\"||0px|2px||\" global_colors_info=\"{}\"][et_pb_column type=\"4_4\" _builder_version=\"4.16\" global_colors_info=\"{}\"][et_pb_text _builder_version=\"4.27.4\" text_font=\"Roboto|300|||||||\" text_font_size=\"22px\" text_letter_spacing=\"1px\" text_line_height=\"1.8em\" header_text_align=\"center\" header_text_color=\"#628d3c\" header_font_size=\"64px\" header_2_font=\"Roboto|100|on||||||\" header_2_text_align=\"center\" z_index=\"57\" width=\"100%\" module_alignment=\"center\" custom_margin=\"0px||||false|false\" custom_padding=\"0px||0px|||\" text_font_size_tablet=\"\" text_font_size_phone=\"\" text_font_size_last_edited=\"on|phone\" header_font_size_tablet=\"33px\" header_font_size_phone=\"35px\" header_font_size_last_edited=\"on|phone\" header_2_font_size_tablet=\"\" header_2_font_size_phone=\"\" header_2_font_size_last_edited=\"on|desktop\" global_colors_info=\"{}\"]<\/p>\n<p>El gobierno de Ecatepec ha visibilizado el problema de la recolecci\u00f3n de basura y ha acelerado la implementaci\u00f3n de soluciones estructurales. Los ejemplos claros son el modelo de gesti\u00f3n integral de residuos s\u00f3lidos urbanos y el programa de recolecci\u00f3n nocturna gratuita, que opera con 20 rutas permanentes y atiende a m\u00e1s de 300 colonias.<\/p>\n<p><strong>Alianzas clave<\/strong><\/p>\n<p dir=\"ltr\">Cisneros Coss detalla que para cumplir con el objetivo Guinness, se tejieron alianzas con los l\u00edderes vecinales, las asociaciones civiles y los sindicatos del servicio de limpia. La coordinaci\u00f3n operativa se asegur\u00f3 a trav\u00e9s de un mando \u00fanico centralizado en la Direcci\u00f3n de Servicios P\u00fablicos. Desde ah\u00ed, se establecieron rutas de recolecci\u00f3n para que los camiones de limpia no duplicaran esfuerzos con las brigadas de voluntarios; la maquinaria pesada se dirigi\u00f3 a barrancas y drenajes, mientras que los vecinos se enfocaban en calles y espacios p\u00fablicos cercanos.<\/p>\n<p dir=\"ltr\">Las asociaciones civiles actuaron como puente entre el gobierno y los habitantes de colonias m\u00e1s reacias. Fueron firmados convenios con empresas locales que donaron herramientas, guantes y bolsas de basura. La clave fue la comunicaci\u00f3n constante y el respeto entre los participantes.<\/p>\n<p dir=\"ltr\">A trav\u00e9s de un convenio con el Instituto Mexiquense de la Juventud y las direcciones de Educaci\u00f3n y Bienestar, se dise\u00f1\u00f3 un formato de constancias validadas por el ayuntamiento que permiten a estudiantes de nivel medio superior y superior en el municipio acreditar sus horas de servicio social y pr\u00e1cticas profesionales.<\/p>\n<p dir=\"ltr\">Esta modalidad acad\u00e9mica no solo impuls\u00f3 a m\u00e1s de 12 mil j\u00f3venes a sumarse a la hist\u00f3rica jornada del R\u00e9cord Guinness, sino que se complement\u00f3 con estrategias de visibilidad medi\u00e1tica, reconocimientos firmados por la Presidenta Municipal, acceso a talleres de formaci\u00f3n ambiental y un din\u00e1mico sistema de gamificaci\u00f3n que premi\u00f3 la competencia amistosa entre colonias mediante mejoras urbanas e incentivos culturales.<\/p>\n<p dir=\"ltr\">El programa permiti\u00f3 conectar con el orgullo y la identidad de una juventud decidida a transformar la narrativa de su entorno. Al plantear el R\u00e9cord Guinness como una oportunidad para demostrar que el municipio de Ecatepec posee una formidable fuerza de organizaci\u00f3n, esperanza y resiliencia frente a los estigmas tradicionales, la respuesta de la ciudadan\u00eda fue inmediata y abrumadora.<\/p>\n<p dir=\"ltr\">Hoy, los j\u00f3venes se han apropiado de los espacios recuperados para cuidarlos y defenderlos, y muchos que iniciaron su labor como voluntarios han evolucionado a promotores comunitarios que lideran sus propias brigadas.<\/p>\n<p dir=\"ltr\">La Presidenta Municipal de Ecatepec asegura, convencida, que las acciones puestas en marcha con el programa Limpieza Colaborativa tiene la fortaleza y el compromiso para permanecer durante los pr\u00f3ximos a\u00f1os.<\/p>\n<p>[\/et_pb_text][\/et_pb_column][\/et_pb_row][\/et_pb_section]<\/p>\n","protected":false},"excerpt":{"rendered":"<p>Un novedoso programa ha fortalecido la convivencia vecinal, la confianza de la ciudadan\u00eda en el gobierno y el sentido de comunidad<\/p>\n","protected":false},"author":3,"featured_media":49245,"comment_status":"open","ping_status":"open","sticky":false,"template":"","format":"standard","meta":{"_et_pb_use_builder":"on","_et_pb_old_content":"","_et_gb_content_width":"2880","footnotes":""},"categories":[23,1603,1602],"tags":[],"class_list":["post-49240","post","type-post","status-publish","format-standard","has-post-thumbnail","hentry","category-alcaldes-de-mexico","category-aniversario-2026","category-septiembre-2026"],"aioseo_notices":[],"_links":{"self":[{"href":"https:\/\/www.alcaldesdemexico.com\/revista\/wp-json\/wp\/v2\/posts\/49240","targetHints":{"allow":["GET"]}}],"collection":[{"href":"https:\/\/www.alcaldesdemexico.com\/revista\/wp-json\/wp\/v2\/posts"}],"about":[{"href":"https:\/\/www.alcaldesdemexico.com\/revista\/wp-json\/wp\/v2\/types\/post"}],"author":[{"embeddable":true,"href":"https:\/\/www.alcaldesdemexico.com\/revista\/wp-json\/wp\/v2\/users\/3"}],"replies":[{"embeddable":true,"href":"https:\/\/www.alcaldesdemexico.com\/revista\/wp-json\/wp\/v2\/comments?post=49240"}],"version-history":[{"count":6,"href":"https:\/\/www.alcaldesdemexico.com\/revista\/wp-json\/wp\/v2\/posts\/49240\/revisions"}],"predecessor-version":[{"id":49434,"href":"https:\/\/www.alcaldesdemexico.com\/revista\/wp-json\/wp\/v2\/posts\/49240\/revisions\/49434"}],"wp:featuredmedia":[{"embeddable":true,"href":"https:\/\/www.alcaldesdemexico.com\/revista\/wp-json\/wp\/v2\/media\/49245"}],"wp:attachment":[{"href":"https:\/\/www.alcaldesdemexico.com\/revista\/wp-json\/wp\/v2\/media?parent=49240"}],"wp:term":[{"taxonomy":"category","embeddable":true,"href":"https:\/\/www.alcaldesdemexico.com\/revista\/wp-json\/wp\/v2\/categories?post=49240"},{"taxonomy":"post_tag","embeddable":true,"href":"https:\/\/www.alcaldesdemexico.com\/revista\/wp-json\/wp\/v2\/tags?post=49240"}],"curies":[{"name":"wp","href":"https:\/\/api.w.org\/{rel}","templated":true}]}}