{"id":49253,"date":"2026-08-21T18:10:05","date_gmt":"2026-08-21T18:10:05","guid":{"rendered":"https:\/\/www.alcaldesdemexico.com\/revista\/?p=49253"},"modified":"2026-08-21T20:11:41","modified_gmt":"2026-08-21T20:11:41","slug":"imagen-urbana","status":"publish","type":"post","link":"https:\/\/www.alcaldesdemexico.com\/revista\/alcaldes-de-mexico\/imagen-urbana\/","title":{"rendered":"Imagen Urbana"},"content":{"rendered":"<p>[et_pb_section fb_built=\"1\" _builder_version=\"4.16\" width=\"80%\" width_tablet=\"100%\" width_phone=\"100%\" width_last_edited=\"on|phone\" max_width=\"100%\" module_alignment=\"center\" custom_padding=\"|0px||0px|false|false\" border_color_all=\"#e9ebdd\" border_width_top=\"0px\" global_colors_info=\"{}\"][et_pb_row _builder_version=\"4.16\" global_colors_info=\"{}\"][et_pb_column type=\"4_4\" _builder_version=\"4.16\" global_colors_info=\"{}\"][et_pb_image src=\"https:\/\/www.alcaldesdemexico.com\/revista\/wp-content\/uploads\/2026\/08\/4_11zon-14.webp\" title_text=\"4_11zon (14)\" align=\"center\" _builder_version=\"4.27.4\" global_colors_info=\"{}\"][\/et_pb_image][\/et_pb_column][\/et_pb_row][et_pb_row _builder_version=\"4.16\" width_tablet=\"100%\" width_phone=\"\" width_last_edited=\"on|desktop\" module_alignment=\"center\" min_height=\"308px\" custom_margin=\"|||118px|false|false\" custom_padding=\"||4px||false|false\" global_colors_info=\"{}\"][et_pb_column type=\"4_4\" _builder_version=\"4.16\" global_colors_info=\"{}\"][et_pb_code _builder_version=\"4.16\" global_colors_info=\"{}\"]<script type=\"text\/javascript\"><!-- [et_pb_line_break_holder] -->\t(function($){<!-- [et_pb_line_break_holder] -->\t$(document).ready(function() {<!-- [et_pb_line_break_holder] -->\t  $( '#videopopup a' ).addClass('popup-video');<!-- [et_pb_line_break_holder] -->\t    $('.popup-video').magnificPopup({<!-- [et_pb_line_break_holder] -->\t        disableOn: 100,<!-- [et_pb_line_break_holder] -->\t        type: 'iframe',<!-- [et_pb_line_break_holder] -->\t        mainClass: 'mfp-fade',<!-- [et_pb_line_break_holder] -->\t        removalDelay: 160,<!-- [et_pb_line_break_holder] -->\t        preloader: false,<!-- [et_pb_line_break_holder] -->\t        fixedContentPos: false<!-- [et_pb_line_break_holder] -->\t    });<!-- [et_pb_line_break_holder] -->\t});<!-- [et_pb_line_break_holder] -->\t})(jQuery)<!-- [et_pb_line_break_holder] --><\/script>[\/et_pb_code][et_pb_text _builder_version=\"4.27.4\" header_font=\"Roboto|900|||||||\" header_text_align=\"center\" header_text_color=\"#000000\" header_font_size=\"67px\" header_2_font=\"Roboto|100|on||||||\" header_2_text_align=\"center\" width=\"80%\" width_tablet=\"\" width_phone=\"100%\" width_last_edited=\"on|desktop\" max_width=\"100%\" module_alignment=\"center\" text_font_size_tablet=\"\" text_font_size_phone=\"\" text_font_size_last_edited=\"on|desktop\" header_font_size_tablet=\"43px\" header_font_size_phone=\"28px\" header_font_size_last_edited=\"on|tablet\" header_2_font_size_tablet=\"\" header_2_font_size_phone=\"\" header_2_font_size_last_edited=\"on|desktop\" global_colors_info=\"{}\"]<\/p>\n<h1 style=\"text-align: center;\"><span>UNA CIUDAD M\u00c1S ILUMINADA Y SEGURA<br \/><\/span><\/h1>\n<p>&nbsp;<\/p>\n<h2 style=\"text-align: center;\">Prendamos Monclova apuesta por un desarrollo urbano funcional, para una ciudad m\u00e1s equipada y competitiva<\/h2>\n<p>&nbsp;<\/p>\n<p>[\/et_pb_text][\/et_pb_column][\/et_pb_row][et_pb_row column_structure=\"1_2,1_2\" _builder_version=\"4.27.4\" locked=\"off\" global_colors_info=\"{}\"][et_pb_column type=\"1_2\" _builder_version=\"4.27.4\" use_background_color_gradient=\"on\" background_color_gradient_direction=\"90deg\" background_color_gradient_stops=\"#f6f4e5 0%|rgba(255,255,255,0) 36%\" global_colors_info=\"{}\"][et_pb_image src=\"https:\/\/www.alcaldesdemexico.com\/revista\/wp-content\/uploads\/2026\/08\/1.fw_11zon-3.webp\" title_text=\"1.fw_11zon (3)\" _builder_version=\"4.27.4\" _module_preset=\"default\" global_colors_info=\"{}\"][\/et_pb_image][\/et_pb_column][et_pb_column type=\"1_2\" _builder_version=\"4.16\" global_colors_info=\"{}\"][et_pb_text _builder_version=\"4.27.4\" text_font=\"Roboto|300|||||||\" text_font_size=\"22px\" text_letter_spacing=\"1px\" text_line_height=\"1.8em\" header_text_align=\"center\" header_text_color=\"#628d3c\" header_font_size=\"64px\" header_2_font=\"Roboto|100|on||||||\" header_2_text_align=\"center\" z_index=\"57\" width=\"100%\" module_alignment=\"center\" custom_margin=\"0px||||false|false\" custom_padding=\"0px||0px|0px||\" text_font_size_tablet=\"\" text_font_size_phone=\"\" text_font_size_last_edited=\"on|phone\" header_font_size_tablet=\"33px\" header_font_size_phone=\"35px\" header_font_size_last_edited=\"on|phone\" header_2_font_size_tablet=\"\" header_2_font_size_phone=\"\" header_2_font_size_last_edited=\"on|desktop\" global_colors_info=\"{}\"]<\/p>\n<p><span>Por Diana Pinedo Ortega<br \/><span style=\"font-size: small;\">FOTOS: CORTES\u00cdA DEL GOBIERNO MUNICIPAL DE MONCLOVA<br \/><\/span><\/span><\/p>\n<p>A los ojos del alcalde Carlos Fernando Villarreal P\u00e9rez, Monclova viv\u00eda un rezago acumulado con los a\u00f1os: calles deterioradas, alumbrado deficiente y espacios p\u00fablicos abandonados. A esto se sumaba una corporaci\u00f3n policial con salarios bajos y equipamiento insuficiente, y que no ten\u00eda un centro de mando capaz de responder con eficiencia. Adem\u00e1s, la ciudad crec\u00eda sin la infraestructura necesaria para sostener su expansi\u00f3n.<\/p>\n<p>[\/et_pb_text][\/et_pb_column][\/et_pb_row][et_pb_row use_custom_gutter=\"on\" gutter_width=\"1\" _builder_version=\"4.16\" width_tablet=\"\" width_phone=\"87%\" width_last_edited=\"on|desktop\" module_alignment=\"center\" custom_padding=\"||0px|2px||\" global_colors_info=\"{}\"][et_pb_column type=\"4_4\" _builder_version=\"4.16\" global_colors_info=\"{}\"][et_pb_text _builder_version=\"4.27.4\" text_font=\"Roboto|300|||||||\" text_font_size=\"22px\" text_letter_spacing=\"1px\" text_line_height=\"1.8em\" header_text_align=\"center\" header_text_color=\"#628d3c\" header_font_size=\"64px\" header_2_font=\"Roboto|100|on||||||\" header_2_text_align=\"center\" z_index=\"57\" width=\"100%\" module_alignment=\"center\" custom_margin=\"0px||||false|false\" custom_padding=\"0px||0px|||\" text_font_size_tablet=\"\" text_font_size_phone=\"\" text_font_size_last_edited=\"on|phone\" header_font_size_tablet=\"33px\" header_font_size_phone=\"35px\" header_font_size_last_edited=\"on|phone\" header_2_font_size_tablet=\"\" header_2_font_size_phone=\"\" header_2_font_size_last_edited=\"on|desktop\" global_colors_info=\"{}\"]<\/p>\n<p dir=\"ltr\">Pero Villarreal P\u00e9rez ten\u00eda una visi\u00f3n distinta. As\u00ed surgi\u00f3 Prendamos Monclova, el plan de inversi\u00f3n con el que la administraci\u00f3n municipal busca transformar la ciudad. \"Prender Monclova es encenderla, activarla, devolverle el orgullo a su gente\", explica el alcalde. El edil resume el plan en tres objetivos: mejorar la calidad de vida de las familias en sus colonias, fortalecer la seguridad y el Estado de Derecho, y posicionar a Monclova como una ciudad competitiva para la inversi\u00f3n. Lo distintivo, seg\u00fan el alcalde, es que cada obra est\u00e1 conectada con las dem\u00e1s: \"Ejecutamos obras con rumbo y con resultados medibles, con la participaci\u00f3n ciudadana y la coordinaci\u00f3n con el gobierno del estado como pilares del plan\". As\u00ed, en las zonas con m\u00e1s rezago, la obra vial lleg\u00f3 junto con alumbrado nuevo, mejoras en imagen urbana, c\u00e1maras de seguridad y vinculaci\u00f3n con programas sociales.<\/p>\n<p dir=\"ltr\">De acuerdo con el alcalde, el proceso para ejecutar el plan arranc\u00f3 en las propias colonias. Primero se escuch\u00f3 a los vecinos en mesas de trabajo; despu\u00e9s, se realizaron recorridos de territorio para analizar las necesidades planteadas, se elaboraron diagn\u00f3sticos t\u00e9cnicos de cada zona, y se cruzaron datos duros (nivel de deterioro vial, a\u00f1os sin intervenci\u00f3n, densidad poblacional e impacto en movilidad) con las demandas acumuladas de los propios colonos. Finalmente, la selecci\u00f3n incorpor\u00f3 la disponibilidad presupuestal, la factibilidad de ejecuci\u00f3n y el beneficio colectivo esperado, junto con el potencial de mejoramiento de cada zona. \"El gobierno tiene que estar donde m\u00e1s se necesita: ah\u00ed es donde llegamos primero\", resalta el alcalde.<\/p>\n<p><strong>Una sola estrategia<\/strong><\/p>\n<p dir=\"ltr\">El plan contempl\u00f3 246 obras y acciones de infraestructura, que est\u00e1n 100 por ciento concluidas. La pavimentaci\u00f3n asf\u00e1ltica e hidr\u00e1ulica concentra el mayor n\u00famero de intervenciones, con 78 obras que mejoraron la conectividad vial y redujeron los tiempos de traslado. Le siguen 41 acciones de infraestructura deportiva, 29 de urbanizaci\u00f3n en plazas y banquetas, 28 en agua potable y 24 en drenaje.<\/p>\n<p dir=\"ltr\">El resto de las acciones se distribuy\u00f3 entre conservaci\u00f3n de espacios p\u00fablicos, asistencia social, equipamiento urbano, edificios p\u00fablicos, sitios hist\u00f3ricos y culturales, bacheo, electrificaci\u00f3n, infraestructura educativa, un centro de salud y un camino rural. La inversi\u00f3n total ascendi\u00f3 a 576 millones 787 mil 325 pesos; este presupuesto, financiado con recursos municipales y transferencias federales, fue distribuido entre los ejercicios fiscales de 2025 y 2026.<\/p>\n<p>[\/et_pb_text][\/et_pb_column][\/et_pb_row][et_pb_row _builder_version=\"4.16\" global_colors_info=\"{}\"][et_pb_column type=\"4_4\" _builder_version=\"4.16\" global_colors_info=\"{}\"][et_pb_image src=\"https:\/\/www.alcaldesdemexico.com\/revista\/wp-content\/uploads\/2026\/08\/2.fw_11zon-22-scaled.webp\" title_text=\"2.fw_11zon (22)\" force_fullwidth=\"on\" _builder_version=\"4.27.4\" global_colors_info=\"{}\"][\/et_pb_image][\/et_pb_column][\/et_pb_row][et_pb_row column_structure=\"2_3,1_3\" _builder_version=\"4.16\" global_colors_info=\"{}\"][et_pb_column type=\"2_3\" _builder_version=\"4.16\" global_colors_info=\"{}\"][et_pb_text _builder_version=\"4.27.4\" text_font=\"Roboto|300|||||||\" text_font_size=\"22px\" text_letter_spacing=\"1px\" text_line_height=\"1.8em\" header_text_align=\"center\" header_text_color=\"#628d3c\" header_font_size=\"64px\" header_2_font=\"Roboto|100|on||||||\" header_2_text_align=\"center\" z_index=\"57\" width=\"100%\" module_alignment=\"center\" custom_margin=\"0px||||false|false\" custom_padding=\"0px||0px|||\" hover_enabled=\"0\" text_font_size_tablet=\"\" text_font_size_phone=\"\" text_font_size_last_edited=\"on|phone\" header_font_size_tablet=\"33px\" header_font_size_phone=\"35px\" header_font_size_last_edited=\"on|phone\" header_2_font_size_tablet=\"\" header_2_font_size_phone=\"\" header_2_font_size_last_edited=\"on|desktop\" global_colors_info=\"{}\" sticky_enabled=\"0\"]<\/p>\n<p><strong>Un centro de mando y m\u00e1s c\u00e1maras<\/strong><\/p>\n<p dir=\"ltr\">En paralelo a las obras de infraestructura, el municipio impulsa el Centro Integral de Seguridad (CEIS), que agrupa la modernizaci\u00f3n tecnol\u00f3gica, la ampliaci\u00f3n del sistema de videovigilancia, el equipamiento policial y la profesionalizaci\u00f3n de los cuerpos de seguridad. Su pieza central es el Centro de Control y Comando Municipal, el C2, inaugurado en agosto de 2025.<\/p>\n<p dir=\"ltr\">El C2 ya opera con m\u00e1s de 450 c\u00e1maras de videovigilancia distribuidas en la ciudad, que incluyen 20 puntos violeta, ocho c\u00e1maras con reconocimiento facial y 28 botones de p\u00e1nico. La red cubre las principales vialidades, cruceros y zonas de mayor incidencia, lo cual permite monitorear en tiempo real y fortalece la coordinaci\u00f3n entre corporaciones ante emergencias.<\/p>\n<p dir=\"ltr\">Adem\u00e1s, desde el 31 de mayo de 2026, el salario mensual de los polic\u00edas subi\u00f3 de 14 mil a 15 mil pesos, con el compromiso de llegar a 16 mil 500 pesos netos para finales de 2027. Villarreal P\u00e9rez reconoce que el anuncio de este aumento gener\u00f3 escepticismo entre los elementos, pues la homologaci\u00f3n salarial hab\u00eda sido una promesa recurrente durante a\u00f1os. Al incremento se sumaron la entrega de uniformes y un programa alimentario dirigido a las familias de los agentes.<\/p>\n<p>[\/et_pb_text][\/et_pb_column][et_pb_column type=\"1_3\" _builder_version=\"4.16\" background_color=\"#ffffff\" global_colors_info=\"{}\"][et_pb_text ul_type=\"none\" ul_position=\"inside\" _builder_version=\"4.27.4\" text_font=\"Roboto|700|||||||\" text_text_color=\"#FFFFFF\" text_font_size=\"22px\" text_letter_spacing=\"1px\" text_line_height=\"1.8em\" ul_font=\"Roboto|500||on|||||\" ul_text_color=\"#97999b\" ol_font=\"Roboto|500|||||||\" ol_text_color=\"#e09900\" header_text_align=\"center\" header_text_color=\"#628d3c\" header_font_size=\"64px\" header_2_font=\"Roboto|100|on||||||\" header_2_text_align=\"center\" background_color=\"#f3cb51\" z_index=\"57\" width=\"100%\" module_alignment=\"center\" custom_margin=\"0px||||false|false\" custom_padding=\"25px|10px|25px|10px|false|false\" text_font_size_tablet=\"\" text_font_size_phone=\"\" text_font_size_last_edited=\"on|phone\" header_font_size_tablet=\"33px\" header_font_size_phone=\"35px\" header_font_size_last_edited=\"on|phone\" header_2_font_size_tablet=\"\" header_2_font_size_phone=\"\" header_2_font_size_last_edited=\"on|desktop\" border_color_all=\"#f15322\" global_colors_info=\"{}\"]<span style=\"color: #ed6944;\"><strong>\u2731 <\/strong><\/span><span style=\"font-weight: 400;\">El plan abarc\u00f3 246 obras entre los a\u00f1os 2025 y 2026, con una inversi\u00f3n que ascendi\u00f3 a 576.7 mdp<\/span>[\/et_pb_text][et_pb_text ul_type=\"none\" ul_position=\"inside\" _builder_version=\"4.27.4\" text_font=\"Roboto|700|||||||\" text_text_color=\"#FFFFFF\" text_font_size=\"22px\" text_letter_spacing=\"1px\" text_line_height=\"1.8em\" ul_font=\"Roboto|500||on|||||\" ul_text_color=\"#97999b\" ol_font=\"Roboto|500|||||||\" ol_text_color=\"#e09900\" header_text_align=\"center\" header_text_color=\"#628d3c\" header_font_size=\"64px\" header_2_font=\"Roboto|100|on||||||\" header_2_text_align=\"center\" background_color=\"#ed6944\" z_index=\"57\" width=\"100%\" module_alignment=\"center\" custom_margin=\"0px||||false|false\" custom_padding=\"25px|10px|25px|10px|false|false\" text_font_size_tablet=\"\" text_font_size_phone=\"\" text_font_size_last_edited=\"on|phone\" header_font_size_tablet=\"33px\" header_font_size_phone=\"35px\" header_font_size_last_edited=\"on|phone\" header_2_font_size_tablet=\"\" header_2_font_size_phone=\"\" header_2_font_size_last_edited=\"on|desktop\" border_color_all=\"#f15322\" global_colors_info=\"{}\"]<span style=\"color: #519f94;\"><strong>\u2731 <\/strong><\/span><span style=\"font-weight: 400;\">Con 459 c\u00e1maras de seguridad, Monclova pas\u00f3 de 963 delitos en 2024 a 285 en el primer semestre de 2026<\/span>[\/et_pb_text][et_pb_text ul_type=\"none\" ul_position=\"inside\" _builder_version=\"4.27.4\" text_font=\"Roboto|700|||||||\" text_text_color=\"#FFFFFF\" text_font_size=\"22px\" text_letter_spacing=\"1px\" text_line_height=\"1.8em\" ul_font=\"Roboto|500||on|||||\" ul_text_color=\"#97999b\" ol_font=\"Roboto|500|||||||\" ol_text_color=\"#e09900\" header_text_align=\"center\" header_text_color=\"#628d3c\" header_font_size=\"64px\" header_2_font=\"Roboto|100|on||||||\" header_2_text_align=\"center\" background_color=\"#169080\" z_index=\"57\" width=\"100%\" module_alignment=\"center\" custom_margin=\"0px||||false|false\" custom_padding=\"25px|10px|25px|10px|false|false\" text_font_size_tablet=\"\" text_font_size_phone=\"\" text_font_size_last_edited=\"on|phone\" header_font_size_tablet=\"33px\" header_font_size_phone=\"35px\" header_font_size_last_edited=\"on|phone\" header_2_font_size_tablet=\"\" header_2_font_size_phone=\"\" header_2_font_size_last_edited=\"on|desktop\" border_color_all=\"#f15322\" global_colors_info=\"{}\"]<span style=\"color: #e5c754;\"><strong>\u2731 <\/strong><\/span><span style=\"font-weight: 400;\">El salario policial subi\u00f3 de 14 a 15 mil pesos mensuales. Incrementar\u00e1 a 16,500 para finales de 2027<\/span>[\/et_pb_text][\/et_pb_column][\/et_pb_row][et_pb_row use_custom_gutter=\"on\" gutter_width=\"1\" _builder_version=\"4.16\" width_tablet=\"\" width_phone=\"87%\" width_last_edited=\"on|desktop\" module_alignment=\"center\" custom_padding=\"||0px|2px||\" global_colors_info=\"{}\"][et_pb_column type=\"4_4\" _builder_version=\"4.16\" global_colors_info=\"{}\"][et_pb_text _builder_version=\"4.27.4\" text_font=\"Roboto|900|||||||\" text_font_size=\"22px\" text_letter_spacing=\"1px\" text_line_height=\"1.8em\" header_font=\"Roboto||||||||\" header_text_align=\"center\" header_text_color=\"#808285\" header_font_size=\"42px\" header_2_font=\"Roboto|100|on||||||\" header_2_text_align=\"center\" header_3_font=\"Roboto|900|||||||\" header_3_text_align=\"center\" header_3_text_color=\"#a8a8a8\" header_3_font_size=\"33px\" z_index=\"57\" width=\"100%\" module_alignment=\"center\" custom_margin=\"0px||||false|false\" custom_padding=\"0px||0px|||\" text_font_size_tablet=\"\" text_font_size_phone=\"\" text_font_size_last_edited=\"on|phone\" header_font_size_tablet=\"24px\" header_font_size_phone=\"25px\" header_font_size_last_edited=\"on|desktop\" header_2_font_size_tablet=\"\" header_2_font_size_phone=\"\" header_2_font_size_last_edited=\"on|desktop\" global_colors_info=\"{}\"]<\/p>\n<h3><span style=\"font-weight: 400;\"><span>\"Ejecutamos obras con rumbo y con resultados medibles, con la participaci\u00f3n ciudadana y en coordinaci\u00f3n con el gobierno del estado.\"<\/span><\/span><\/h3>\n<p>[\/et_pb_text][et_pb_team_member name=\"Carlos Fernando Villarreal P\u00e9rez\" position=\"Presidente Municipal de Monclova, Coah.\" image_url=\"https:\/\/www.alcaldesdemexico.com\/revista\/wp-content\/uploads\/2026\/08\/3.fw_11zon-20.webp\" use_icon_font_size=\"on\" _builder_version=\"4.27.4\" _module_preset=\"default\" header_font=\"Roboto|300|||||||\" header_text_color=\"#a3a4a7\" header_font_size=\"20px\" position_font=\"Roboto||||||||\" position_text_color=\"#000000\" position_font_size=\"20px\" position_line_height=\"1.5em\" text_orientation=\"right\" header_font_size_tablet=\"18px\" header_font_size_phone=\"18px\" header_font_size_last_edited=\"on|tablet\" body_text_align_tablet=\"\" body_text_align_phone=\"center\" body_text_align_last_edited=\"on|desktop\" body_font_size_phone=\"1px\" body_font_size_last_edited=\"off|phone\" position_font_size_tablet=\"18px\" position_font_size_phone=\"17px\" position_font_size_last_edited=\"on|desktop\" custom_css_main_element=\"display: flex;||flex-direction: row-reverse;||align-items: center;||gap: 30px;||margin-bottom: 0px !important;||display: flex;||flex-direction: row-reverse;||align-items: flex-end; \/* Esta es la l\u00ednea que cambia todo hacia abajo *\/||gap: 30px;||padding-bottom: 0px !important;||margin-bottom: 0px !important;||display: flex;||flex-direction: row-reverse;||align-items: flex-end;\" custom_css_member_image=\"width: 150px !important; ||margin-bottom: 0px !important;||margin-left: 20px !important;\" global_colors_info=\"{}\" custom_css_main_element_last_edited=\"on|phone\" custom_css_main_element_phone=\"width: 150px !important;||margin: 0 auto 20px auto !important;\" custom_css_main_element_tablet=\"display: flex;||flex-direction: row-reverse;||align-items: center;||gap: 30px;||margin-bottom: 0px !important;||display: flex;||flex-direction: row-reverse;||align-items: flex-end; \/* Esta es la l\u00ednea que cambia todo hacia abajo *\/||gap: 30px;||padding-bottom: 0px !important;||margin-bottom: 0px !important;||display: flex;||flex-direction: row-reverse;||align-items: flex-end;\" custom_css_member_image_last_edited=\"on|phone\" custom_css_member_image_phone=\"br\" custom_css_member_image_tablet=\"width: 150px !important; ||margin-bottom: 0px !important;||margin-left: 20px !important;\"][\/et_pb_team_member][\/et_pb_column][\/et_pb_row][et_pb_row use_custom_gutter=\"on\" gutter_width=\"1\" _builder_version=\"4.16\" width_tablet=\"\" width_phone=\"87%\" width_last_edited=\"on|desktop\" module_alignment=\"center\" custom_padding=\"||0px|2px||\" global_colors_info=\"{}\"][et_pb_column type=\"4_4\" _builder_version=\"4.16\" global_colors_info=\"{}\"][et_pb_text _builder_version=\"4.27.4\" text_font=\"Roboto|300|||||||\" text_font_size=\"22px\" text_letter_spacing=\"1px\" text_line_height=\"1.8em\" header_text_align=\"center\" header_text_color=\"#628d3c\" header_font_size=\"64px\" header_2_font=\"Roboto|100|on||||||\" header_2_text_align=\"center\" z_index=\"57\" width=\"100%\" module_alignment=\"center\" custom_margin=\"0px||||false|false\" custom_padding=\"0px||0px|||\" text_font_size_tablet=\"\" text_font_size_phone=\"\" text_font_size_last_edited=\"on|phone\" header_font_size_tablet=\"33px\" header_font_size_phone=\"35px\" header_font_size_last_edited=\"on|phone\" header_2_font_size_tablet=\"\" header_2_font_size_phone=\"\" header_2_font_size_last_edited=\"on|desktop\" global_colors_info=\"{}\"]<\/p>\n<p>Un componente central de la estrategia integral es la recuperaci\u00f3n de espacios p\u00fablicos. Gracias a la rehabilitaci\u00f3n de canchas, plazas, parques y unidades deportivas, las familias vuelven a acceder a lugares dignos para convivir y practicar deporte. El caso m\u00e1s visible es el Ecoparque, que est\u00e1 a punto de reabrir tras su intervenci\u00f3n. \"La calidad de vida se tiene que notar en la calle, en la colonia, en el parque de tu barrio\", dice el alcalde.<\/p>\n<p><strong>Coordinar para avanzar m\u00e1s r\u00e1pido\u00a0<\/strong><\/p>\n<p dir=\"ltr\">Para Villarreal P\u00e9rez, buena parte de los resultados obtenidos no habr\u00eda sido posible sin la coordinaci\u00f3n con otros \u00f3rdenes de gobierno. Afirma que la colaboraci\u00f3n estrecha con el gobierno del estado permiti\u00f3 sumar recursos, alinear prioridades y ejecutar obras con mayor velocidad, mientras que los instrumentos del Gobierno Federal fortalecieron la inversi\u00f3n disponible.<\/p>\n<p dir=\"ltr\">\"Cuando los tres \u00f3rdenes de gobierno jalamos parejo, los resultados llegan m\u00e1s r\u00e1pido y con mayor beneficio para las familias\", sostiene el alcalde, quien atribuye buena parte del cumplimiento de compromisos, como la homologaci\u00f3n salarial policial, al trabajo conjunto con el gobierno estatal.<\/p>\n<p><strong>Supervisi\u00f3n y transparencia<\/strong><\/p>\n<p dir=\"ltr\">La ejecuci\u00f3n de las obras se acompa\u00f1a de un esquema de control que combina supervisi\u00f3n t\u00e9cnica, revisi\u00f3n administrativa y vigilancia ciudadana. Una plantilla de arquitectos e ingenieros verifica en campo el avance f\u00edsico y la calidad de los materiales, mientras que cada estimaci\u00f3n de pago pasa por una revisi\u00f3n que confirma que los vol\u00famenes ejecutados correspondan a lo contratado.<\/p>\n<p dir=\"ltr\">Los Comit\u00e9s Pro Obra, integrados por vecinos beneficiarios, acompa\u00f1an la ejecuci\u00f3n y canalizan observaciones directamente al municipio. La informaci\u00f3n sobre el avance f\u00edsico y financiero de cada obra se publica en el Portal INTRAC, donde cualquier persona puede consultar el estado de los proyectos y el uso de los recursos p\u00fablicos.<\/p>\n<p dir=\"ltr\"><strong>Evacuaci\u00f3n continua, resultados medibles<\/strong><\/p>\n<p dir=\"ltr\">Villarreal P\u00e9rez explica que el municipio da seguimiento al plan a trav\u00e9s de indicadores concretos de seguridad p\u00fablica: incidencia delictiva, tiempos de respuesta, eventos atendidos por el C2, capacidad de videovigilancia, recuperaci\u00f3n de veh\u00edculos y percepci\u00f3n ciudadana. \"Estamos entr\u00e1ndole con todo para entregarle resultados a nuestra gente\", afirma el mandatario.<\/p>\n<p dir=\"ltr\">De acuerdo con los n\u00fameros oficiales, los delitos registrados pasaron de 963 en 2024 a 674 en 2025, y a 285 durante el primer semestre de 2026. Los tiempos de respuesta a emergencias bajaron de seis a cuatro minutos en el mismo periodo. Con el C2 en operaci\u00f3n, el municipio ha atendido m\u00e1s de tres mil eventos entre situaciones familiares, faltas administrativas, emergencias y hechos delictivos, mientras la capacidad de videovigilancia pas\u00f3 de cero c\u00e1maras municipales a 450 distribuidas estrat\u00e9gicamente en la ciudad.<\/p>\n<p dir=\"ltr\">La recuperaci\u00f3n de veh\u00edculos creci\u00f3 100 por ciento entre el segundo semestre de 2025 y el primer semestre de 2026, y la coordinaci\u00f3n con otras corporaciones permiti\u00f3 la localizaci\u00f3n de dos personas. La percepci\u00f3n ciudadana de seguridad pas\u00f3 de 75 por ciento en 2025 a 90 por ciento en 2026.<\/p>\n<p>[\/et_pb_text][\/et_pb_column][\/et_pb_row][\/et_pb_section]<\/p>\n","protected":false},"excerpt":{"rendered":"<p>Prendamos Monclova apuesta por un desarrollo urbano funcional, para una ciudad m\u00e1s equipada y competitiva<\/p>\n","protected":false},"author":3,"featured_media":49256,"comment_status":"open","ping_status":"open","sticky":false,"template":"","format":"standard","meta":{"_et_pb_use_builder":"on","_et_pb_old_content":"","_et_gb_content_width":"2880","footnotes":""},"categories":[23,1603,1602],"tags":[],"class_list":["post-49253","post","type-post","status-publish","format-standard","has-post-thumbnail","hentry","category-alcaldes-de-mexico","category-aniversario-2026","category-septiembre-2026"],"aioseo_notices":[],"_links":{"self":[{"href":"https:\/\/www.alcaldesdemexico.com\/revista\/wp-json\/wp\/v2\/posts\/49253","targetHints":{"allow":["GET"]}}],"collection":[{"href":"https:\/\/www.alcaldesdemexico.com\/revista\/wp-json\/wp\/v2\/posts"}],"about":[{"href":"https:\/\/www.alcaldesdemexico.com\/revista\/wp-json\/wp\/v2\/types\/post"}],"author":[{"embeddable":true,"href":"https:\/\/www.alcaldesdemexico.com\/revista\/wp-json\/wp\/v2\/users\/3"}],"replies":[{"embeddable":true,"href":"https:\/\/www.alcaldesdemexico.com\/revista\/wp-json\/wp\/v2\/comments?post=49253"}],"version-history":[{"count":5,"href":"https:\/\/www.alcaldesdemexico.com\/revista\/wp-json\/wp\/v2\/posts\/49253\/revisions"}],"predecessor-version":[{"id":49315,"href":"https:\/\/www.alcaldesdemexico.com\/revista\/wp-json\/wp\/v2\/posts\/49253\/revisions\/49315"}],"wp:featuredmedia":[{"embeddable":true,"href":"https:\/\/www.alcaldesdemexico.com\/revista\/wp-json\/wp\/v2\/media\/49256"}],"wp:attachment":[{"href":"https:\/\/www.alcaldesdemexico.com\/revista\/wp-json\/wp\/v2\/media?parent=49253"}],"wp:term":[{"taxonomy":"category","embeddable":true,"href":"https:\/\/www.alcaldesdemexico.com\/revista\/wp-json\/wp\/v2\/categories?post=49253"},{"taxonomy":"post_tag","embeddable":true,"href":"https:\/\/www.alcaldesdemexico.com\/revista\/wp-json\/wp\/v2\/tags?post=49253"}],"curies":[{"name":"wp","href":"https:\/\/api.w.org\/{rel}","templated":true}]}}