{"id":49279,"date":"2026-08-21T18:53:57","date_gmt":"2026-08-21T18:53:57","guid":{"rendered":"https:\/\/www.alcaldesdemexico.com\/revista\/?p=49279"},"modified":"2026-08-21T18:54:00","modified_gmt":"2026-08-21T18:54:00","slug":"gestion-urbana-sostenible","status":"publish","type":"post","link":"https:\/\/www.alcaldesdemexico.com\/revista\/alcaldes-de-mexico\/gestion-urbana-sostenible\/","title":{"rendered":"Gesti\u00f3n urbana sostenible"},"content":{"rendered":"\n[et_pb_section fb_built=\"1\" _builder_version=\"4.16\" width=\"80%\" width_tablet=\"100%\" width_phone=\"100%\" width_last_edited=\"on|phone\" max_width=\"100%\" module_alignment=\"center\" custom_padding=\"|0px||0px|false|false\" border_color_all=\"#e9ebdd\" border_width_top=\"0px\" global_colors_info=\"{}\" theme_builder_area=\"post_content\"][et_pb_row _builder_version=\"4.16\" global_colors_info=\"{}\" theme_builder_area=\"post_content\"][et_pb_column type=\"4_4\" _builder_version=\"4.16\" global_colors_info=\"{}\" theme_builder_area=\"post_content\"][et_pb_image src=\"https:\/\/www.alcaldesdemexico.com\/revista\/wp-content\/uploads\/2026\/08\/4_11zon-16.webp\" title_text=\"4_11zon (16)\" align=\"center\" _builder_version=\"4.27.4\" hover_enabled=\"0\" global_colors_info=\"{}\" theme_builder_area=\"post_content\" sticky_enabled=\"0\"][\/et_pb_image][\/et_pb_column][\/et_pb_row][et_pb_row _builder_version=\"4.16\" width_tablet=\"100%\" width_phone=\"\" width_last_edited=\"on|desktop\" module_alignment=\"center\" min_height=\"308px\" custom_margin=\"|||118px|false|false\" custom_padding=\"||4px||false|false\" global_colors_info=\"{}\" theme_builder_area=\"post_content\"][et_pb_column type=\"4_4\" _builder_version=\"4.16\" global_colors_info=\"{}\" theme_builder_area=\"post_content\"][et_pb_code _builder_version=\"4.16\" global_colors_info=\"{}\" theme_builder_area=\"post_content\"]<script type=\"text\/javascript\"><!-- [et_pb_line_break_holder] -->\t(function($){<!-- [et_pb_line_break_holder] -->\t$(document).ready(function() {<!-- [et_pb_line_break_holder] -->\t  $( '#videopopup a' ).addClass('popup-video');<!-- [et_pb_line_break_holder] -->\t    $('.popup-video').magnificPopup({<!-- [et_pb_line_break_holder] -->\t        disableOn: 100,<!-- [et_pb_line_break_holder] -->\t        type: 'iframe',<!-- [et_pb_line_break_holder] -->\t        mainClass: 'mfp-fade',<!-- [et_pb_line_break_holder] -->\t        removalDelay: 160,<!-- [et_pb_line_break_holder] -->\t        preloader: false,<!-- [et_pb_line_break_holder] -->\t        fixedContentPos: false<!-- [et_pb_line_break_holder] -->\t    });<!-- [et_pb_line_break_holder] -->\t});<!-- [et_pb_line_break_holder] -->\t})(jQuery)<!-- [et_pb_line_break_holder] --><\/script>[\/et_pb_code][et_pb_text _builder_version=\"4.27.4\" header_font=\"Roboto|900|||||||\" header_text_align=\"center\" header_text_color=\"#000000\" header_font_size=\"67px\" header_2_font=\"Roboto|100|on||||||\" header_2_text_align=\"center\" width=\"80%\" width_tablet=\"\" width_phone=\"100%\" width_last_edited=\"on|desktop\" max_width=\"100%\" module_alignment=\"center\" hover_enabled=\"0\" text_font_size_tablet=\"\" text_font_size_phone=\"\" text_font_size_last_edited=\"on|desktop\" header_font_size_tablet=\"43px\" header_font_size_phone=\"28px\" header_font_size_last_edited=\"on|tablet\" header_2_font_size_tablet=\"\" header_2_font_size_phone=\"\" header_2_font_size_last_edited=\"on|desktop\" global_colors_info=\"{}\" theme_builder_area=\"post_content\" sticky_enabled=\"0\"]<h1 style=\"text-align: center;\"><span>PRESERVACI\u00d3N SOSTENIBLE DEL PATRIMONIO MUNDIAL<br \/><\/span><\/h1>\n<p>&nbsp;<\/p>\n<h2 style=\"text-align: center;\">Guanajuato articula econom\u00eda circular, arquitectura y gesti\u00f3n p\u00fablica para aprovechar recursos y mejorar su entorno urbano<\/h2>\n<p>&nbsp;<\/p>[\/et_pb_text][\/et_pb_column][\/et_pb_row][et_pb_row column_structure=\"1_2,1_2\" _builder_version=\"4.27.4\" locked=\"off\" global_colors_info=\"{}\" theme_builder_area=\"post_content\"][et_pb_column type=\"1_2\" _builder_version=\"4.27.4\" use_background_color_gradient=\"on\" background_color_gradient_direction=\"90deg\" background_color_gradient_stops=\"#f6f4e5 0%|rgba(255,255,255,0) 36%\" global_colors_info=\"{}\" theme_builder_area=\"post_content\"][et_pb_image src=\"https:\/\/www.alcaldesdemexico.com\/revista\/wp-content\/uploads\/2026\/08\/1.fw_11zon-24.webp\" title_text=\"1.fw_11zon (24)\" _builder_version=\"4.27.4\" _module_preset=\"default\" hover_enabled=\"0\" global_colors_info=\"{}\" theme_builder_area=\"post_content\" sticky_enabled=\"0\"][\/et_pb_image][\/et_pb_column][et_pb_column type=\"1_2\" _builder_version=\"4.16\" global_colors_info=\"{}\" theme_builder_area=\"post_content\"][et_pb_text _builder_version=\"4.27.4\" text_font=\"Roboto|300|||||||\" text_font_size=\"22px\" text_letter_spacing=\"1px\" text_line_height=\"1.8em\" header_text_align=\"center\" header_text_color=\"#628d3c\" header_font_size=\"64px\" header_2_font=\"Roboto|100|on||||||\" header_2_text_align=\"center\" z_index=\"57\" width=\"100%\" module_alignment=\"center\" custom_margin=\"0px||||false|false\" custom_padding=\"0px||0px|0px||\" hover_enabled=\"0\" text_font_size_tablet=\"\" text_font_size_phone=\"\" text_font_size_last_edited=\"on|phone\" header_font_size_tablet=\"33px\" header_font_size_phone=\"35px\" header_font_size_last_edited=\"on|phone\" header_2_font_size_tablet=\"\" header_2_font_size_phone=\"\" header_2_font_size_last_edited=\"on|desktop\" global_colors_info=\"{}\" theme_builder_area=\"post_content\" sticky_enabled=\"0\"]<p><span>Por \u00c9rika Uribe<br \/><span style=\"font-size: small;\">FOTOS: CORTES\u00cdA DEL GOBIERNO MUNICIPAL DE GUANAJUATO<br \/><\/span><\/span><\/p>\n<p>La capital de Guanajuato destaca por su arquitectura hist\u00f3rica, la singular trama de callejones y t\u00faneles, y un paisaje urbano cuyo valor llev\u00f3 a la Organizaci\u00f3n de las Naciones Unidas para la Educaci\u00f3n, la Ciencia y la Cultura (Unesco) a inscribirla en la Lista del Patrimonio Mundial. A ese legado, la ciudad suma una nueva carta de presentaci\u00f3n vinculada con la forma en que cuida sus recursos, preserva su entorno y mejora la calidad de vida de quienes la habitan.<\/p>[\/et_pb_text][\/et_pb_column][\/et_pb_row][et_pb_row use_custom_gutter=\"on\" gutter_width=\"1\" _builder_version=\"4.16\" width_tablet=\"\" width_phone=\"87%\" width_last_edited=\"on|desktop\" module_alignment=\"center\" custom_padding=\"||0px|2px||\" global_colors_info=\"{}\" theme_builder_area=\"post_content\"][et_pb_column type=\"4_4\" _builder_version=\"4.16\" global_colors_info=\"{}\" theme_builder_area=\"post_content\"][et_pb_text _builder_version=\"4.27.4\" text_font=\"Roboto|300|||||||\" text_font_size=\"22px\" text_letter_spacing=\"1px\" text_line_height=\"1.8em\" header_text_align=\"center\" header_text_color=\"#628d3c\" header_font_size=\"64px\" header_2_font=\"Roboto|100|on||||||\" header_2_text_align=\"center\" z_index=\"57\" width=\"100%\" module_alignment=\"center\" custom_margin=\"0px||||false|false\" custom_padding=\"0px||0px|||\" hover_enabled=\"0\" text_font_size_tablet=\"\" text_font_size_phone=\"\" text_font_size_last_edited=\"on|phone\" header_font_size_tablet=\"33px\" header_font_size_phone=\"35px\" header_font_size_last_edited=\"on|phone\" header_2_font_size_tablet=\"\" header_2_font_size_phone=\"\" header_2_font_size_last_edited=\"on|desktop\" global_colors_info=\"{}\" theme_builder_area=\"post_content\" sticky_enabled=\"0\"]<p dir=\"ltr\">La Estrategia de Sustentabilidad para el Municipio de Guanajuato: Innovaci\u00f3n en una Ciudad Patrimonio de la Unesco es una visi\u00f3n integral de gesti\u00f3n urbana que el gobierno municipal implementa a trav\u00e9s de Guanajuato Circular y Territorio Verde.<\/p>\n<p dir=\"ltr\">La Presidenta Municipal, Samantha Smith Guti\u00e9rrez, explica que la visi\u00f3n de su administraci\u00f3n \"parte de una convicci\u00f3n muy clara: cuidar el patrimonio tambi\u00e9n es cuidar la calidad de vida de quienes viven aqu\u00ed. Por eso impulsamos una pol\u00edtica p\u00fablica que entiende el medioambiente, los servicios p\u00fablicos, el agua, la movilidad, el turismo y el desarrollo urbano como parte de una misma estrategia. No pod\u00edamos seguir atendiendo cada tema por separado\".<\/p>\n<p><strong>Aprovechamiento con sentido<\/strong><\/p>\n<p dir=\"ltr\">Cada d\u00eda, Guanajuato genera alrededor de 130 toneladas de residuos s\u00f3lidos urbanos, de los cuales cerca del 49 por ciento corresponde a materia org\u00e1nica. Esta cifra adquiere mayor relevancia en un territorio donde la recolecci\u00f3n enfrenta pendientes, vialidades estrechas, t\u00faneles y callejones, dentro de un centro hist\u00f3rico protegido y con alta actividad tur\u00edstica que incrementa la demanda de servicios.<\/p>\n<p dir=\"ltr\">La composici\u00f3n de los residuos permiti\u00f3 replantear el destino de una parte importante de los desechos que antes segu\u00edan una ruta casi lineal hacia la disposici\u00f3n final. El municipio impuls\u00f3 el reciclaje, habilit\u00f3 mecanismos para el manejo de neum\u00e1ticos, electr\u00f3nicos y aceite vegetal usado, acerc\u00f3 la separaci\u00f3n a la poblaci\u00f3n mediante Eco Espacios y puso en marcha el Centro de Compostaje Comunitario para transformar residuos org\u00e1nicos en composta destinada a suelos, reforestaci\u00f3n y \u00e1reas verdes.<\/p>\n<p dir=\"ltr\">La Directora General de Medio Ambiente, Itzel Dayana Ibarra V\u00e1zquez, explica que \"el cambio m\u00e1s importante fue dejar de medir el \u00e9xito \u00fanicamente por la cantidad de residuos recolectados. Comenzamos a preguntarnos qu\u00e9 ocurr\u00eda despu\u00e9s de la recolecci\u00f3n y c\u00f3mo pod\u00edamos evitar que materiales con valor econ\u00f3mico o ambiental terminaran enterrados\".<\/p>\n<p dir=\"ltr\">Bajo ese enfoque, el municipio redefini\u00f3 el papel del Sitio de Disposici\u00f3n Final. La conformaci\u00f3n de terrazas, la compactaci\u00f3n controlada, el manejo de lixiviados y el fortalecimiento del sistema de biog\u00e1s reducen riesgos y prolongan la vida \u00fatil de la infraestructura. En este esquema, la disposici\u00f3n final ocupa el \u00faltimo eslab\u00f3n, despu\u00e9s de privilegiar la reducci\u00f3n, la reutilizaci\u00f3n, el reciclaje, el compostaje y la valorizaci\u00f3n.<\/p>\n<p dir=\"ltr\">Guanajuato extendi\u00f3 la separaci\u00f3n a hogares, escuelas y negocios mediante programas, jornadas y acuerdos con comercios, hoteles, empresas, instituciones educativas y organizaciones sociales, lo que ampl\u00eda la participaci\u00f3n ciudadana en el manejo responsable de los residuos.<\/p>\n<p dir=\"ltr\">La generaci\u00f3n de residuos por habitante disminuy\u00f3 3.2 por ciento, al pasar de 0.61 a 0.59 kilogramos diarios. La recuperaci\u00f3n de materiales valorizables alcanza 82 toneladas mensuales, 26.1 por ciento m\u00e1s que en el periodo base, mientras la producci\u00f3n de composta creci\u00f3 de 470 a 1,200 kilogramos, un crecimiento del 155 por ciento.<\/p>\n<p dir=\"ltr\">El manejo especializado suma 120.82 toneladas de neum\u00e1ticos recuperadas al a\u00f1o y una red de m\u00e1s de 20 Puntos Verdes, donde el municipio ha acopiado 5,367 kilogramos de residuos electr\u00f3nicos y 284 kilogramos de pilas y bater\u00edas. M\u00e1s de 2 mil personas han participado en actividades comunitarias y el gobierno local reporta m\u00e1s de 100 distintivos ambientales.<\/p>[\/et_pb_text][\/et_pb_column][\/et_pb_row][et_pb_row _builder_version=\"4.16\" global_colors_info=\"{}\" theme_builder_area=\"post_content\"][et_pb_column type=\"4_4\" _builder_version=\"4.16\" global_colors_info=\"{}\" theme_builder_area=\"post_content\"][et_pb_image src=\"https:\/\/www.alcaldesdemexico.com\/revista\/wp-content\/uploads\/2026\/08\/2.fw_11zon-24-scaled.webp\" force_fullwidth=\"on\" _builder_version=\"4.27.4\" hover_enabled=\"0\" global_colors_info=\"{}\" theme_builder_area=\"post_content\" title_text=\"2.fw_11zon (24)\" sticky_enabled=\"0\"][\/et_pb_image][\/et_pb_column][\/et_pb_row][et_pb_row column_structure=\"2_3,1_3\" _builder_version=\"4.16\" global_colors_info=\"{}\" theme_builder_area=\"post_content\"][et_pb_column type=\"2_3\" _builder_version=\"4.16\" global_colors_info=\"{}\" theme_builder_area=\"post_content\"][et_pb_text _builder_version=\"4.27.4\" text_font=\"Roboto|300|||||||\" text_font_size=\"22px\" text_letter_spacing=\"1px\" text_line_height=\"1.8em\" header_text_align=\"center\" header_text_color=\"#628d3c\" header_font_size=\"64px\" header_2_font=\"Roboto|100|on||||||\" header_2_text_align=\"center\" z_index=\"57\" width=\"100%\" module_alignment=\"center\" custom_margin=\"0px||||false|false\" custom_padding=\"0px||0px|||\" hover_enabled=\"0\" text_font_size_tablet=\"\" text_font_size_phone=\"\" text_font_size_last_edited=\"on|phone\" header_font_size_tablet=\"33px\" header_font_size_phone=\"35px\" header_font_size_last_edited=\"on|phone\" header_2_font_size_tablet=\"\" header_2_font_size_phone=\"\" header_2_font_size_last_edited=\"on|desktop\" global_colors_info=\"{}\" theme_builder_area=\"post_content\" sticky_enabled=\"0\"]<p><strong>Gobierno en acci\u00f3n<\/strong><\/p>\n<p dir=\"ltr\">Las condiciones de Guanajuato tambi\u00e9n exigieron ajustes en la prestaci\u00f3n de servicios. El municipio reestructur\u00f3 los 17 sectores de barrido manual y redujo 16.4 por ciento la relaci\u00f3n de habitantes atendidos por trabajador, al pasar de 3,412 a 2,850, lo que permite mantener m\u00e1s de 35 kil\u00f3metros lineales de calles y callejones hist\u00f3ricos, principalmente en zonas de alta afluencia tur\u00edstica.<\/p>\n<p dir=\"ltr\">Para sostener esa operaci\u00f3n, distintas \u00e1reas municipales trabajan bajo una agenda com\u00fan. Medio Ambiente conduce la pol\u00edtica ambiental, la econom\u00eda circular, la educaci\u00f3n y la conservaci\u00f3n de recursos naturales; Servicios P\u00fablicos opera la recolecci\u00f3n y la gesti\u00f3n integral de residuos; el Sistema Municipal de Agua Potable y Alcantarillado de Guanajuato participa en el uso eficiente del agua; Obra P\u00fablica incorpora criterios ambientales en la infraestructura, y Desarrollo Urbano vincula el ordenamiento territorial con la conservaci\u00f3n del paisaje.<\/p>\n<p dir=\"ltr\">La estrategia articula recursos de dependencias municipales y organismos descentralizados, adem\u00e1s de alianzas con empresas privadas para la gesti\u00f3n de residuos especiales. Entre los proyectos con monto identificado destaca la L\u00ednea Morada, con una inversi\u00f3n de 3.5 millones de pesos, que utiliza agua tratada para el riego de Los Pastitos y El Cantador y reduce el consumo de agua potable en estos espacios.<\/p>[\/et_pb_text][\/et_pb_column][et_pb_column type=\"1_3\" _builder_version=\"4.16\" background_color=\"#ffffff\" global_colors_info=\"{}\" theme_builder_area=\"post_content\"][et_pb_text ul_type=\"none\" ul_position=\"inside\" _builder_version=\"4.27.4\" text_font=\"Roboto|700|||||||\" text_text_color=\"#FFFFFF\" text_font_size=\"22px\" text_letter_spacing=\"1px\" text_line_height=\"1.8em\" ul_font=\"Roboto|500||on|||||\" ul_text_color=\"#97999b\" ol_font=\"Roboto|500|||||||\" ol_text_color=\"#e09900\" header_text_align=\"center\" header_text_color=\"#628d3c\" header_font_size=\"64px\" header_2_font=\"Roboto|100|on||||||\" header_2_text_align=\"center\" background_color=\"#f3cb51\" z_index=\"57\" width=\"100%\" module_alignment=\"center\" custom_margin=\"0px||||false|false\" custom_padding=\"25px|10px|25px|10px|false|false\" hover_enabled=\"0\" text_font_size_tablet=\"\" text_font_size_phone=\"\" text_font_size_last_edited=\"on|phone\" header_font_size_tablet=\"33px\" header_font_size_phone=\"35px\" header_font_size_last_edited=\"on|phone\" header_2_font_size_tablet=\"\" header_2_font_size_phone=\"\" header_2_font_size_last_edited=\"on|desktop\" border_color_all=\"#f15322\" global_colors_info=\"{}\" theme_builder_area=\"post_content\" sticky_enabled=\"0\"]<span style=\"color: #ed6944;\"><strong>\u2731 <\/strong><\/span><span style=\"font-weight: 400;\">Guanajuato recupera 82 toneladas mensuales de materiales valorizables; 26.1 por ciento m\u00e1s respecto al periodo base<\/span>[\/et_pb_text][et_pb_text ul_type=\"none\" ul_position=\"inside\" _builder_version=\"4.27.4\" text_font=\"Roboto|700|||||||\" text_text_color=\"#FFFFFF\" text_font_size=\"22px\" text_letter_spacing=\"1px\" text_line_height=\"1.8em\" ul_font=\"Roboto|500||on|||||\" ul_text_color=\"#97999b\" ol_font=\"Roboto|500|||||||\" ol_text_color=\"#e09900\" header_text_align=\"center\" header_text_color=\"#628d3c\" header_font_size=\"64px\" header_2_font=\"Roboto|100|on||||||\" header_2_text_align=\"center\" background_color=\"#ed6944\" z_index=\"57\" width=\"100%\" module_alignment=\"center\" custom_margin=\"0px||||false|false\" custom_padding=\"25px|10px|25px|10px|false|false\" hover_enabled=\"0\" text_font_size_tablet=\"\" text_font_size_phone=\"\" text_font_size_last_edited=\"on|phone\" header_font_size_tablet=\"33px\" header_font_size_phone=\"35px\" header_font_size_last_edited=\"on|phone\" header_2_font_size_tablet=\"\" header_2_font_size_phone=\"\" header_2_font_size_last_edited=\"on|desktop\" border_color_all=\"#f15322\" global_colors_info=\"{}\" theme_builder_area=\"post_content\" sticky_enabled=\"0\"]<span style=\"color: #519f94;\"><strong>\u2731 <\/strong><\/span><span style=\"font-weight: 400;\">La generaci\u00f3n de residuos s\u00f3lidos urbanos por habitante disminuy\u00f3 3.2 por ciento, de 0.61 a 0.59 kilogramos diarios<\/span>[\/et_pb_text][et_pb_text ul_type=\"none\" ul_position=\"inside\" _builder_version=\"4.27.4\" text_font=\"Roboto|700|||||||\" text_text_color=\"#FFFFFF\" text_font_size=\"22px\" text_letter_spacing=\"1px\" text_line_height=\"1.8em\" ul_font=\"Roboto|500||on|||||\" ul_text_color=\"#97999b\" ol_font=\"Roboto|500|||||||\" ol_text_color=\"#e09900\" header_text_align=\"center\" header_text_color=\"#628d3c\" header_font_size=\"64px\" header_2_font=\"Roboto|100|on||||||\" header_2_text_align=\"center\" background_color=\"#169080\" z_index=\"57\" width=\"100%\" module_alignment=\"center\" custom_margin=\"0px||||false|false\" custom_padding=\"25px|10px|25px|10px|false|false\" hover_enabled=\"0\" text_font_size_tablet=\"\" text_font_size_phone=\"\" text_font_size_last_edited=\"on|phone\" header_font_size_tablet=\"33px\" header_font_size_phone=\"35px\" header_font_size_last_edited=\"on|phone\" header_2_font_size_tablet=\"\" header_2_font_size_phone=\"\" header_2_font_size_last_edited=\"on|desktop\" border_color_all=\"#f15322\" global_colors_info=\"{}\" theme_builder_area=\"post_content\" sticky_enabled=\"0\"]<span style=\"color: #e5c754;\"><strong>\u2731 <\/strong><\/span><span style=\"font-weight: 400;\">La reingenier\u00eda del barrido optimiz\u00f3 16.4 por ciento las rutas en m\u00e1s de 35 kil\u00f3metros de calles y callejones hist\u00f3ricos<\/span>[\/et_pb_text][\/et_pb_column][\/et_pb_row][et_pb_row use_custom_gutter=\"on\" gutter_width=\"1\" _builder_version=\"4.16\" width_tablet=\"\" width_phone=\"87%\" width_last_edited=\"on|desktop\" module_alignment=\"center\" custom_padding=\"||0px|2px||\" global_colors_info=\"{}\" theme_builder_area=\"post_content\"][et_pb_column type=\"4_4\" _builder_version=\"4.16\" global_colors_info=\"{}\" theme_builder_area=\"post_content\"][et_pb_text _builder_version=\"4.27.4\" text_font=\"Roboto|900|||||||\" text_font_size=\"22px\" text_letter_spacing=\"1px\" text_line_height=\"1.8em\" header_font=\"Roboto||||||||\" header_text_align=\"center\" header_text_color=\"#808285\" header_font_size=\"42px\" header_2_font=\"Roboto|100|on||||||\" header_2_text_align=\"center\" header_3_font=\"Roboto|900|||||||\" header_3_text_align=\"center\" header_3_text_color=\"#a8a8a8\" header_3_font_size=\"33px\" z_index=\"57\" width=\"100%\" module_alignment=\"center\" custom_margin=\"0px||||false|false\" custom_padding=\"0px||0px|||\" hover_enabled=\"0\" text_font_size_tablet=\"\" text_font_size_phone=\"\" text_font_size_last_edited=\"on|phone\" header_font_size_tablet=\"24px\" header_font_size_phone=\"25px\" header_font_size_last_edited=\"on|desktop\" header_2_font_size_tablet=\"\" header_2_font_size_phone=\"\" header_2_font_size_last_edited=\"on|desktop\" global_colors_info=\"{}\" theme_builder_area=\"post_content\" sticky_enabled=\"0\"]<h3><span style=\"font-weight: 400;\"><span>\"Nuestro objetivo es mantener vivo el patrimonio mientras construimos una ciudad m\u00e1s resiliente, competitiva y preparada para el futuro.\"<\/span><\/span><\/h3>[\/et_pb_text][et_pb_team_member name=\"Samantha Smith Guti\u00e9rrez\" position=\"Presidenta Municipal de Guanajuato, Gto.\" image_url=\"https:\/\/www.alcaldesdemexico.com\/revista\/wp-content\/uploads\/2026\/08\/3.fw_11zon-23.webp\" use_icon_font_size=\"on\" _builder_version=\"4.27.4\" _module_preset=\"default\" header_font=\"Roboto|300|||||||\" header_text_color=\"#a3a4a7\" header_font_size=\"20px\" position_font=\"Roboto||||||||\" position_text_color=\"#000000\" position_font_size=\"20px\" position_line_height=\"1.5em\" text_orientation=\"right\" hover_enabled=\"0\" header_font_size_tablet=\"18px\" header_font_size_phone=\"18px\" header_font_size_last_edited=\"on|tablet\" body_text_align_tablet=\"\" body_text_align_phone=\"center\" body_text_align_last_edited=\"on|desktop\" body_font_size_phone=\"1px\" body_font_size_last_edited=\"off|phone\" position_font_size_tablet=\"18px\" position_font_size_phone=\"17px\" position_font_size_last_edited=\"on|desktop\" custom_css_main_element=\"display: flex;||flex-direction: row-reverse;||align-items: center;||gap: 30px;||margin-bottom: 0px !important;||display: flex;||flex-direction: row-reverse;||align-items: flex-end; \/* Esta es la l\u00ednea que cambia todo hacia abajo *\/||gap: 30px;||padding-bottom: 0px !important;||margin-bottom: 0px !important;||display: flex;||flex-direction: row-reverse;||align-items: flex-end;\" custom_css_member_image=\"width: 150px !important; ||margin-bottom: 0px !important;||margin-left: 20px !important;\" global_colors_info=\"{}\" custom_css_main_element_last_edited=\"on|phone\" custom_css_main_element_phone=\"width: 150px !important;||margin: 0 auto 20px auto !important;\" custom_css_main_element_tablet=\"display: flex;||flex-direction: row-reverse;||align-items: center;||gap: 30px;||margin-bottom: 0px !important;||display: flex;||flex-direction: row-reverse;||align-items: flex-end; \/* Esta es la l\u00ednea que cambia todo hacia abajo *\/||gap: 30px;||padding-bottom: 0px !important;||margin-bottom: 0px !important;||display: flex;||flex-direction: row-reverse;||align-items: flex-end;\" custom_css_member_image_last_edited=\"on|phone\" custom_css_member_image_phone=\"br\" custom_css_member_image_tablet=\"width: 150px !important; ||margin-bottom: 0px !important;||margin-left: 20px !important;\" theme_builder_area=\"post_content\" title_text=\"3.fw_11zon (23)\" sticky_enabled=\"0\"][\/et_pb_team_member][\/et_pb_column][\/et_pb_row][et_pb_row use_custom_gutter=\"on\" gutter_width=\"1\" _builder_version=\"4.16\" width_tablet=\"\" width_phone=\"87%\" width_last_edited=\"on|desktop\" module_alignment=\"center\" custom_padding=\"||0px|2px||\" global_colors_info=\"{}\" theme_builder_area=\"post_content\"][et_pb_column type=\"4_4\" _builder_version=\"4.16\" global_colors_info=\"{}\" theme_builder_area=\"post_content\"][et_pb_text _builder_version=\"4.27.4\" text_font=\"Roboto|300|||||||\" text_font_size=\"22px\" text_letter_spacing=\"1px\" text_line_height=\"1.8em\" header_text_align=\"center\" header_text_color=\"#628d3c\" header_font_size=\"64px\" header_2_font=\"Roboto|100|on||||||\" header_2_text_align=\"center\" z_index=\"57\" width=\"100%\" module_alignment=\"center\" custom_margin=\"0px||||false|false\" custom_padding=\"0px||0px|||\" hover_enabled=\"0\" text_font_size_tablet=\"\" text_font_size_phone=\"\" text_font_size_last_edited=\"on|phone\" header_font_size_tablet=\"33px\" header_font_size_phone=\"35px\" header_font_size_last_edited=\"on|phone\" header_2_font_size_tablet=\"\" header_2_font_size_phone=\"\" header_2_font_size_last_edited=\"on|desktop\" global_colors_info=\"{}\" theme_builder_area=\"post_content\" sticky_enabled=\"0\"]<p dir=\"ltr\">El municipio tambi\u00e9n implementa el Programa de Conservaci\u00f3n y Saneamiento del Arbolado Urbano, que incluye diagn\u00f3sticos t\u00e9cnicos, podas sanitarias, manejo de ejemplares de riesgo, reforestaci\u00f3n y sustituciones cuando resultan necesarias.<\/p>\n<p dir=\"ltr\">En la Zona de Monumentos Hist\u00f3ricos, este cuidado adquiere una dimensi\u00f3n patrimonial. La Ciudad Hist\u00f3rica de Guanajuato y Minas Adyacentes forma parte de la Lista del Patrimonio Mundial desde 1988, y el municipio cuenta con m\u00e1s de 800 inmuebles hist\u00f3ricos protegidos. El Programa de Mejoramiento de Imagen Urbana integra diagn\u00f3stico, mantenimiento preventivo y restauraci\u00f3n especializada de fachadas, as\u00ed como el retiro de cableado en desuso y acciones para reducir la contaminaci\u00f3n visual, lo que fortalece el espacio p\u00fablico que rodea y conecta el patrimonio edificado.<\/p>\n<p><strong>Ciudad de vanguardia<\/strong><\/p>\n<p dir=\"ltr\">La Escoba de Plata, obtenida por Guanajuato en 2026, reconoci\u00f3 el car\u00e1cter integral del modelo. De acuerdo con Ibarra V\u00e1zquez, la evaluaci\u00f3n consider\u00f3 la econom\u00eda circular, la innovaci\u00f3n operativa, la educaci\u00f3n ambiental, la conservaci\u00f3n patrimonial y la participaci\u00f3n ciudadana, junto con proyectos como el Centro de Compostaje Comunitario, los Eco Espacios, la valorizaci\u00f3n de residuos especiales, la modernizaci\u00f3n del Sitio de Disposici\u00f3n Final, el arbolado urbano y la L\u00ednea Morada.<\/p>\n<p dir=\"ltr\">El Centro de Compostaje Comunitario contribuy\u00f3 previamente a que Guanajuato obtuviera un reconocimiento internacional de ICLEI. A esta validaci\u00f3n se suma Tree Cities of the World, distinci\u00f3n que coloc\u00f3 a la capital entre 283 Ciudades \u00c1rbol del mundo.<\/p>\n<p dir=\"ltr\">El gobierno municipal proyecta la continuidad del modelo mediante la ampliaci\u00f3n de la separaci\u00f3n, el reciclaje y el compostaje, el fortalecimiento de la infraestructura verde, la expansi\u00f3n del uso de agua tratada y el aumento en la valorizaci\u00f3n de residuos especiales con participaci\u00f3n del sector privado. \"Queremos que dentro de algunos a\u00f1os estos programas ya no sean identificados como iniciativas de una administraci\u00f3n, sino como parte natural de la forma en que Guanajuato cuida su patrimonio y construye su futuro\", concluye Smith Guti\u00e9rrez.<\/p>[\/et_pb_text][\/et_pb_column][\/et_pb_row][\/et_pb_section]\n","protected":false},"excerpt":{"rendered":"<p>Guanajuato articula econom\u00eda circular, arquitectura y gesti\u00f3n p\u00fablica para aprovechar recursos y mejorar su entorno urbano<\/p>\n","protected":false},"author":3,"featured_media":49282,"comment_status":"open","ping_status":"open","sticky":false,"template":"","format":"standard","meta":{"_et_pb_use_builder":"on","_et_pb_old_content":"","_et_gb_content_width":"2880","footnotes":""},"categories":[23,1603,1602],"tags":[],"class_list":["post-49279","post","type-post","status-publish","format-standard","has-post-thumbnail","hentry","category-alcaldes-de-mexico","category-aniversario-2026","category-septiembre-2026"],"aioseo_notices":[],"_links":{"self":[{"href":"https:\/\/www.alcaldesdemexico.com\/revista\/wp-json\/wp\/v2\/posts\/49279","targetHints":{"allow":["GET"]}}],"collection":[{"href":"https:\/\/www.alcaldesdemexico.com\/revista\/wp-json\/wp\/v2\/posts"}],"about":[{"href":"https:\/\/www.alcaldesdemexico.com\/revista\/wp-json\/wp\/v2\/types\/post"}],"author":[{"embeddable":true,"href":"https:\/\/www.alcaldesdemexico.com\/revista\/wp-json\/wp\/v2\/users\/3"}],"replies":[{"embeddable":true,"href":"https:\/\/www.alcaldesdemexico.com\/revista\/wp-json\/wp\/v2\/comments?post=49279"}],"version-history":[{"count":3,"href":"https:\/\/www.alcaldesdemexico.com\/revista\/wp-json\/wp\/v2\/posts\/49279\/revisions"}],"predecessor-version":[{"id":49287,"href":"https:\/\/www.alcaldesdemexico.com\/revista\/wp-json\/wp\/v2\/posts\/49279\/revisions\/49287"}],"wp:featuredmedia":[{"embeddable":true,"href":"https:\/\/www.alcaldesdemexico.com\/revista\/wp-json\/wp\/v2\/media\/49282"}],"wp:attachment":[{"href":"https:\/\/www.alcaldesdemexico.com\/revista\/wp-json\/wp\/v2\/media?parent=49279"}],"wp:term":[{"taxonomy":"category","embeddable":true,"href":"https:\/\/www.alcaldesdemexico.com\/revista\/wp-json\/wp\/v2\/categories?post=49279"},{"taxonomy":"post_tag","embeddable":true,"href":"https:\/\/www.alcaldesdemexico.com\/revista\/wp-json\/wp\/v2\/tags?post=49279"}],"curies":[{"name":"wp","href":"https:\/\/api.w.org\/{rel}","templated":true}]}}