{"id":49289,"date":"2026-08-21T19:10:22","date_gmt":"2026-08-21T19:10:22","guid":{"rendered":"https:\/\/www.alcaldesdemexico.com\/revista\/?p=49289"},"modified":"2026-08-21T22:07:01","modified_gmt":"2026-08-21T22:07:01","slug":"recuperacion-de-areas-verdes","status":"publish","type":"post","link":"https:\/\/www.alcaldesdemexico.com\/revista\/alcaldes-de-mexico\/recuperacion-de-areas-verdes\/","title":{"rendered":"Recuperaci\u00f3n de \u00e1reas verdes"},"content":{"rendered":"<p>[et_pb_section fb_built=\"1\" _builder_version=\"4.16\" width=\"80%\" width_tablet=\"100%\" width_phone=\"100%\" width_last_edited=\"on|phone\" max_width=\"100%\" module_alignment=\"center\" custom_padding=\"|0px||0px|false|false\" border_color_all=\"#e9ebdd\" border_width_top=\"0px\" global_colors_info=\"{}\"][et_pb_row _builder_version=\"4.16\" global_colors_info=\"{}\"][et_pb_column type=\"4_4\" _builder_version=\"4.16\" global_colors_info=\"{}\"][et_pb_image src=\"https:\/\/www.alcaldesdemexico.com\/revista\/wp-content\/uploads\/2026\/08\/4_11zon-17.webp\" title_text=\"4_11zon (17)\" align=\"center\" _builder_version=\"4.27.4\" global_colors_info=\"{}\"][\/et_pb_image][\/et_pb_column][\/et_pb_row][et_pb_row _builder_version=\"4.16\" width_tablet=\"100%\" width_phone=\"\" width_last_edited=\"on|desktop\" module_alignment=\"center\" min_height=\"308px\" custom_margin=\"|||118px|false|false\" custom_padding=\"||4px||false|false\" global_colors_info=\"{}\"][et_pb_column type=\"4_4\" _builder_version=\"4.16\" global_colors_info=\"{}\"][et_pb_code _builder_version=\"4.16\" global_colors_info=\"{}\"]<script type=\"text\/javascript\"><!-- [et_pb_line_break_holder] -->\t(function($){<!-- [et_pb_line_break_holder] -->\t$(document).ready(function() {<!-- [et_pb_line_break_holder] -->\t  $( '#videopopup a' ).addClass('popup-video');<!-- [et_pb_line_break_holder] -->\t    $('.popup-video').magnificPopup({<!-- [et_pb_line_break_holder] -->\t        disableOn: 100,<!-- [et_pb_line_break_holder] -->\t        type: 'iframe',<!-- [et_pb_line_break_holder] -->\t        mainClass: 'mfp-fade',<!-- [et_pb_line_break_holder] -->\t        removalDelay: 160,<!-- [et_pb_line_break_holder] -->\t        preloader: false,<!-- [et_pb_line_break_holder] -->\t        fixedContentPos: false<!-- [et_pb_line_break_holder] -->\t    });<!-- [et_pb_line_break_holder] -->\t});<!-- [et_pb_line_break_holder] -->\t})(jQuery)<!-- [et_pb_line_break_holder] --><\/script>[\/et_pb_code][et_pb_text _builder_version=\"4.27.4\" header_font=\"Roboto|900|||||||\" header_text_align=\"center\" header_text_color=\"#000000\" header_font_size=\"67px\" header_2_font=\"Roboto|100|on||||||\" header_2_text_align=\"center\" width=\"80%\" width_tablet=\"\" width_phone=\"100%\" width_last_edited=\"on|desktop\" max_width=\"100%\" module_alignment=\"center\" text_font_size_tablet=\"\" text_font_size_phone=\"\" text_font_size_last_edited=\"on|desktop\" header_font_size_tablet=\"43px\" header_font_size_phone=\"28px\" header_font_size_last_edited=\"on|tablet\" header_2_font_size_tablet=\"\" header_2_font_size_phone=\"\" header_2_font_size_last_edited=\"on|desktop\" global_colors_info=\"{}\"]<\/p>\n<h1 style=\"text-align: center;\"><span>ESPACIOS P\u00daBLICOS APTOS PARA TODA LA FAMILIA<br \/><\/span><\/h1>\n<p>&nbsp;<\/p>\n<h2 style=\"text-align: center;\">La alcald\u00eda invierte en obra p\u00fablica y recuperaci\u00f3n del entorno para ampliar el acceso ciudadano a parques urbanos de calidad<\/h2>\n<p>&nbsp;<\/p>\n<p>[\/et_pb_text][\/et_pb_column][\/et_pb_row][et_pb_row column_structure=\"1_2,1_2\" _builder_version=\"4.27.4\" locked=\"off\" global_colors_info=\"{}\"][et_pb_column type=\"1_2\" _builder_version=\"4.27.4\" use_background_color_gradient=\"on\" background_color_gradient_direction=\"90deg\" background_color_gradient_stops=\"#f6f4e5 0%|rgba(255,255,255,0) 36%\" global_colors_info=\"{}\"][et_pb_image src=\"https:\/\/www.alcaldesdemexico.com\/revista\/wp-content\/uploads\/2026\/08\/1.fw_11zon-25.webp\" title_text=\"1.fw_11zon (25)\" _builder_version=\"4.27.4\" _module_preset=\"default\" global_colors_info=\"{}\"][\/et_pb_image][\/et_pb_column][et_pb_column type=\"1_2\" _builder_version=\"4.16\" global_colors_info=\"{}\"][et_pb_text _builder_version=\"4.27.4\" text_font=\"Roboto|300|||||||\" text_font_size=\"22px\" text_letter_spacing=\"1px\" text_line_height=\"1.8em\" header_text_align=\"center\" header_text_color=\"#628d3c\" header_font_size=\"64px\" header_2_font=\"Roboto|100|on||||||\" header_2_text_align=\"center\" z_index=\"57\" width=\"100%\" module_alignment=\"center\" custom_margin=\"0px||||false|false\" custom_padding=\"0px||0px|0px||\" text_font_size_tablet=\"\" text_font_size_phone=\"\" text_font_size_last_edited=\"on|phone\" header_font_size_tablet=\"33px\" header_font_size_phone=\"35px\" header_font_size_last_edited=\"on|phone\" header_2_font_size_tablet=\"\" header_2_font_size_phone=\"\" header_2_font_size_last_edited=\"on|desktop\" global_colors_info=\"{}\"]<\/p>\n<p><span>Por \u00c9rika Uribe<br \/><span style=\"font-size: small;\">FOTOS: CORTES\u00cdA DE LA ALCALD\u00cdA GUSTAVO A. MADERO<br \/><\/span><\/span><\/p>\n<p>La Alcald\u00eda Gustavo A. Madero impulsa la recuperaci\u00f3n de espacios p\u00fablicos con una visi\u00f3n que va m\u00e1s all\u00e1 de la rehabilitaci\u00f3n urbana. A trav\u00e9s del modelo Espacios de Desarrollo y Esperanza para la Ni\u00f1ez (ED\u00c9N), la administraci\u00f3n de Ricardo Janecarlo Lozano Reynoso transforma parques en puntos de encuentro donde las familias tienen acceso gratuito al deporte, la recreaci\u00f3n y la cultura. En un a\u00f1o y medio, la estrategia suma tres parques intervenidos y 85 mil metros cuadrados recuperados en los espacios Mestizaje, Juventino Rosas y Naturaleza.<\/p>\n<p>[\/et_pb_text][\/et_pb_column][\/et_pb_row][et_pb_row use_custom_gutter=\"on\" gutter_width=\"1\" _builder_version=\"4.16\" width_tablet=\"\" width_phone=\"87%\" width_last_edited=\"on|desktop\" module_alignment=\"center\" custom_padding=\"||0px|2px||\" global_colors_info=\"{}\"][et_pb_column type=\"4_4\" _builder_version=\"4.16\" global_colors_info=\"{}\"][et_pb_text _builder_version=\"4.27.4\" text_font=\"Roboto|300|||||||\" text_font_size=\"22px\" text_letter_spacing=\"1px\" text_line_height=\"1.8em\" header_text_align=\"center\" header_text_color=\"#628d3c\" header_font_size=\"64px\" header_2_font=\"Roboto|100|on||||||\" header_2_text_align=\"center\" z_index=\"57\" width=\"100%\" module_alignment=\"center\" custom_margin=\"0px||||false|false\" custom_padding=\"0px||0px|||\" hover_enabled=\"0\" text_font_size_tablet=\"\" text_font_size_phone=\"\" text_font_size_last_edited=\"on|phone\" header_font_size_tablet=\"33px\" header_font_size_phone=\"35px\" header_font_size_last_edited=\"on|phone\" header_2_font_size_tablet=\"\" header_2_font_size_phone=\"\" header_2_font_size_last_edited=\"on|desktop\" global_colors_info=\"{}\" sticky_enabled=\"0\"]<\/p>\n<p dir=\"ltr\">Cada parque tiene una vocaci\u00f3n espec\u00edfica. Su dise\u00f1o y equipamiento responden a las caracter\u00edsticas del entorno y a las necesidades de la comunidad, con propuestas deportivas, recreativas y educativas, que incluyen pistas BMX, tirolesas, una pista de hielo, juegos inclusivos y espacios orientados a la educaci\u00f3n ambiental.<\/p>\n<p dir=\"ltr\">Lozano Reynoso explica que \"recuperar parques, jardines y \u00e1reas verdes que durante muchos a\u00f1os permanecieron abandonados significa reconstruir el tejido social, fomentar la convivencia y garantizar entornos seguros para ni\u00f1os, ni\u00f1as, j\u00f3venes y familias enteras. No se trata solo de embellecer, sino de transformar la vida p\u00fablica y generar igualdad\".<\/p>\n<p dir=\"ltr\">La estrategia forma parte de una pol\u00edtica m\u00e1s amplia de infraestructura p\u00fablica. Durante 2025, Gustavo A. Madero encabez\u00f3 la inversi\u00f3n en obra p\u00fablica entre las 16 alcald\u00edas, con 3 mil 93.5 millones de pesos, equivalentes al 9.1 por ciento del total.<\/p>\n<p dir=\"ltr\">La administraci\u00f3n concibe la recuperaci\u00f3n del espacio p\u00fablico como una forma de gobernar desde el territorio: identificar rezagos, priorizar recursos, escuchar a la comunidad y traducir la inversi\u00f3n en beneficios sociales.<\/p>\n<p><strong>Modelos a medida<\/strong><\/p>\n<p dir=\"ltr\">El modelo parte de diagn\u00f3sticos sobre las condiciones de los espacios p\u00fablicos. En los sitios intervenidos, la alcald\u00eda encontr\u00f3 \u00e1rboles muertos, tiraderos clandestinos, fauna nociva e infraestructura deteriorada.<\/p>\n<p dir=\"ltr\">La selecci\u00f3n considera criterios t\u00e9cnicos, sociales y territoriales, con prioridad en zonas con deterioro, abandono o condiciones de riesgo. Antes de iniciar las obras, el gobierno local realiza asambleas vecinales para presentar los proyectos y conocer la opini\u00f3n de los habitantes.<\/p>\n<p dir=\"ltr\">Este esquema incorpora una l\u00f3gica de gobernanza que combina planeaci\u00f3n, participaci\u00f3n comunitaria y ejecuci\u00f3n de obra para atender necesidades espec\u00edficas.<\/p>\n<p dir=\"ltr\">Los espacios ED\u00c9N comparten una visi\u00f3n, pero no replican el mismo dise\u00f1o. Cada intervenci\u00f3n incorpora equipamiento distinto seg\u00fan el contexto. La meta consiste en garantizar que el acceso a espacios p\u00fablicos de calidad no dependa de la colonia ni de la condici\u00f3n econ\u00f3mica.<\/p>\n<p dir=\"ltr\">El alcalde reconoce como referente las UTOP\u00cdAS de Iztapalapa y explica su adaptaci\u00f3n local: \"En Gustavo A. Madero adaptamos esa ense\u00f1anza a las necesidades de nuestra demarcaci\u00f3n mediante los ED\u00c9N. Nuestro objetivo es que las personas no tengan que salir de su comunidad para disfrutar de espacios dignos que antes solo exist\u00edan en otras zonas de la ciudad\".<\/p>\n<p>[\/et_pb_text][\/et_pb_column][\/et_pb_row][et_pb_row _builder_version=\"4.16\" global_colors_info=\"{}\"][et_pb_column type=\"4_4\" _builder_version=\"4.16\" global_colors_info=\"{}\"][et_pb_image src=\"https:\/\/www.alcaldesdemexico.com\/revista\/wp-content\/uploads\/2026\/08\/2.fw_11zon-25.webp\" title_text=\"2.fw_11zon (25)\" force_fullwidth=\"on\" _builder_version=\"4.27.4\" global_colors_info=\"{}\"][\/et_pb_image][\/et_pb_column][\/et_pb_row][et_pb_row column_structure=\"2_3,1_3\" _builder_version=\"4.27.4\" global_colors_info=\"{}\"][et_pb_column type=\"2_3\" _builder_version=\"4.16\" global_colors_info=\"{}\"][et_pb_text _builder_version=\"4.27.4\" text_font=\"Roboto|300|||||||\" text_font_size=\"22px\" text_letter_spacing=\"1px\" text_line_height=\"1.8em\" header_text_align=\"center\" header_text_color=\"#628d3c\" header_font_size=\"64px\" header_2_font=\"Roboto|100|on||||||\" header_2_text_align=\"center\" z_index=\"57\" width=\"100%\" module_alignment=\"center\" custom_margin=\"0px||||false|false\" custom_padding=\"0px||0px|||\" text_font_size_tablet=\"\" text_font_size_phone=\"\" text_font_size_last_edited=\"on|phone\" header_font_size_tablet=\"33px\" header_font_size_phone=\"35px\" header_font_size_last_edited=\"on|phone\" header_2_font_size_tablet=\"\" header_2_font_size_phone=\"\" header_2_font_size_last_edited=\"on|desktop\" global_colors_info=\"{}\"]<\/p>\n<p><strong>Vocaci\u00f3n comunitaria<\/strong><\/p>\n<p dir=\"ltr\">ED\u00c9N Mestizaje, ubicado en Indios Verdes, suma 50 mil metros cuadrados intervenidos. El proyecto incluy\u00f3 la rehabilitaci\u00f3n de andadores y \u00e1reas verdes, iluminaci\u00f3n, fuentes y espejos de agua. Entre sus principales atractivos destacan un carrusel, un trenecito, un muro para escalar, un arenero, juegos infantiles, una velaria para actividades y conciertos, adem\u00e1s de 800 metros de tirolesas interconectadas. El parque tambi\u00e9n dispone de juegos accesibles para personas usuarias de silla de ruedas y una pista BMX con pr\u00e9stamo gratuito de bicicletas.<\/p>\n<p dir=\"ltr\">En Cuautepec, ED\u00c9N Juventino Rosas abarca 15 mil metros cuadrados. Su equipamiento est\u00e1 orientado al deporte y la recreaci\u00f3n, con una pista de hielo gratuita, arenero, juegos infantiles e inclusivos, instalaciones deportivas, una pista BMX, fuentes y \u00e1reas verdes rehabilitadas.<\/p>\n<p dir=\"ltr\">ED\u00c9N Naturaleza incorpora 20 mil metros cuadrados adicionales y ampl\u00eda el modelo hacia experiencias relacionadas con la naturaleza y la educaci\u00f3n ambiental. El parque integra un zool\u00f3gico de animales animatr\u00f3nicos con 13 ejemplares, seis con sonido y movimiento, adem\u00e1s de infraestructura recreativa y deportiva.<\/p>\n<p dir=\"ltr\">[\/et_pb_text][\/et_pb_column][et_pb_column type=\"1_3\" _builder_version=\"4.16\" background_color=\"#ffffff\" global_colors_info=\"{}\"][et_pb_text ul_type=\"none\" ul_position=\"inside\" _builder_version=\"4.27.4\" text_font=\"Roboto|700|||||||\" text_text_color=\"#FFFFFF\" text_font_size=\"22px\" text_letter_spacing=\"1px\" text_line_height=\"1.8em\" ul_font=\"Roboto|500||on|||||\" ul_text_color=\"#97999b\" ol_font=\"Roboto|500|||||||\" ol_text_color=\"#e09900\" header_text_align=\"center\" header_text_color=\"#628d3c\" header_font_size=\"64px\" header_2_font=\"Roboto|100|on||||||\" header_2_text_align=\"center\" background_color=\"#f3cb51\" z_index=\"57\" width=\"100%\" module_alignment=\"center\" custom_margin=\"0px||||false|false\" custom_padding=\"25px|10px|25px|10px|false|false\" text_font_size_tablet=\"\" text_font_size_phone=\"\" text_font_size_last_edited=\"on|phone\" header_font_size_tablet=\"33px\" header_font_size_phone=\"35px\" header_font_size_last_edited=\"on|phone\" header_2_font_size_tablet=\"\" header_2_font_size_phone=\"\" header_2_font_size_last_edited=\"on|desktop\" border_color_all=\"#f15322\" global_colors_info=\"{}\"]<span style=\"color: #ed6944;\"><strong>\u2731 <\/strong><\/span><span style=\"font-weight: 400;\">Gustavo A. Madero fue la alcald\u00eda con mayor inversi\u00f3n en obra p\u00fablica en 2025 al ejercer 3 mil 93.5 mdp<\/span>[\/et_pb_text][et_pb_text ul_type=\"none\" ul_position=\"inside\" _builder_version=\"4.27.4\" text_font=\"Roboto|700|||||||\" text_text_color=\"#FFFFFF\" text_font_size=\"22px\" text_letter_spacing=\"1px\" text_line_height=\"1.8em\" ul_font=\"Roboto|500||on|||||\" ul_text_color=\"#97999b\" ol_font=\"Roboto|500|||||||\" ol_text_color=\"#e09900\" header_text_align=\"center\" header_text_color=\"#628d3c\" header_font_size=\"64px\" header_2_font=\"Roboto|100|on||||||\" header_2_text_align=\"center\" background_color=\"#ed6944\" z_index=\"57\" width=\"100%\" module_alignment=\"center\" custom_margin=\"0px||||false|false\" custom_padding=\"25px|10px|25px|10px|false|false\" text_font_size_tablet=\"\" text_font_size_phone=\"\" text_font_size_last_edited=\"on|phone\" header_font_size_tablet=\"33px\" header_font_size_phone=\"35px\" header_font_size_last_edited=\"on|phone\" header_2_font_size_tablet=\"\" header_2_font_size_phone=\"\" header_2_font_size_last_edited=\"on|desktop\" border_color_all=\"#f15322\" global_colors_info=\"{}\"]<span style=\"color: #519f94;\"><strong>\u2731 <\/strong><\/span><span style=\"font-weight: 400;\">Las superficies intervenidas en los ED\u00c9N Mestizaje, Juventino Rosas y Naturaleza suman 85 mil metros cuadrados<\/span>[\/et_pb_text][et_pb_text ul_type=\"none\" ul_position=\"inside\" _builder_version=\"4.27.4\" text_font=\"Roboto|700|||||||\" text_text_color=\"#FFFFFF\" text_font_size=\"22px\" text_letter_spacing=\"1px\" text_line_height=\"1.8em\" ul_font=\"Roboto|500||on|||||\" ul_text_color=\"#97999b\" ol_font=\"Roboto|500|||||||\" ol_text_color=\"#e09900\" header_text_align=\"center\" header_text_color=\"#628d3c\" header_font_size=\"64px\" header_2_font=\"Roboto|100|on||||||\" header_2_text_align=\"center\" background_color=\"#169080\" z_index=\"57\" width=\"100%\" module_alignment=\"center\" custom_margin=\"0px||||false|false\" custom_padding=\"25px|10px|25px|10px|false|false\" text_font_size_tablet=\"\" text_font_size_phone=\"\" text_font_size_last_edited=\"on|phone\" header_font_size_tablet=\"33px\" header_font_size_phone=\"35px\" header_font_size_last_edited=\"on|phone\" header_2_font_size_tablet=\"\" header_2_font_size_phone=\"\" header_2_font_size_last_edited=\"on|desktop\" border_color_all=\"#f15322\" global_colors_info=\"{}\"]<span style=\"color: #e5c754;\"><strong>\u2731 <\/strong><\/span><span style=\"font-weight: 400;\">50 mil personas al mes realizan actividades deportivas, recreativas y de convivencia en los tres espacios ED\u00c9N<\/span>[\/et_pb_text][\/et_pb_column][\/et_pb_row][et_pb_row use_custom_gutter=\"on\" gutter_width=\"1\" _builder_version=\"4.16\" width_tablet=\"\" width_phone=\"87%\" width_last_edited=\"on|desktop\" module_alignment=\"center\" custom_padding=\"||0px|2px||\" global_colors_info=\"{}\"][et_pb_column type=\"4_4\" _builder_version=\"4.16\" global_colors_info=\"{}\"][et_pb_text _builder_version=\"4.27.4\" text_font=\"Roboto|900|||||||\" text_font_size=\"22px\" text_letter_spacing=\"1px\" text_line_height=\"1.8em\" header_font=\"Roboto||||||||\" header_text_align=\"center\" header_text_color=\"#808285\" header_font_size=\"42px\" header_2_font=\"Roboto|100|on||||||\" header_2_text_align=\"center\" header_3_font=\"Roboto|900|||||||\" header_3_text_align=\"center\" header_3_text_color=\"#a8a8a8\" header_3_font_size=\"33px\" z_index=\"57\" width=\"100%\" module_alignment=\"center\" custom_margin=\"0px||||false|false\" custom_padding=\"0px||0px|||\" text_font_size_tablet=\"\" text_font_size_phone=\"\" text_font_size_last_edited=\"on|phone\" header_font_size_tablet=\"24px\" header_font_size_phone=\"25px\" header_font_size_last_edited=\"on|desktop\" header_2_font_size_tablet=\"\" header_2_font_size_phone=\"\" header_2_font_size_last_edited=\"on|desktop\" global_colors_info=\"{}\"]<\/p>\n<h3><span style=\"font-weight: 400;\"><span>\"Queremos que los ED\u00c9N demuestren que invertir en el espacio p\u00fablico es invertir en bienestar, paz y mejores oportunidades para todos.\"<\/span><\/span><\/h3>\n<p>[\/et_pb_text][et_pb_team_member name=\"Ricardo Janecarlo Lozano Reynoso\" position=\"Alcalde de Gustavo A. Madero, CDMX\" image_url=\"https:\/\/www.alcaldesdemexico.com\/revista\/wp-content\/uploads\/2026\/08\/3.fw_11zon-24.webp\" use_icon_font_size=\"on\" _builder_version=\"4.27.4\" _module_preset=\"default\" header_font=\"Roboto|300|||||||\" header_text_color=\"#a3a4a7\" header_font_size=\"20px\" position_font=\"Roboto||||||||\" position_text_color=\"#000000\" position_font_size=\"20px\" position_line_height=\"1.5em\" text_orientation=\"right\" header_font_size_tablet=\"18px\" header_font_size_phone=\"18px\" header_font_size_last_edited=\"on|tablet\" body_text_align_tablet=\"\" body_text_align_phone=\"center\" body_text_align_last_edited=\"on|desktop\" body_font_size_phone=\"1px\" body_font_size_last_edited=\"off|phone\" position_font_size_tablet=\"18px\" position_font_size_phone=\"17px\" position_font_size_last_edited=\"on|desktop\" custom_css_main_element=\"display: flex;||flex-direction: row-reverse;||align-items: center;||gap: 30px;||margin-bottom: 0px !important;||display: flex;||flex-direction: row-reverse;||align-items: flex-end; \/* Esta es la l\u00ednea que cambia todo hacia abajo *\/||gap: 30px;||padding-bottom: 0px !important;||margin-bottom: 0px !important;||display: flex;||flex-direction: row-reverse;||align-items: flex-end;\" custom_css_member_image=\"width: 150px !important; ||margin-bottom: 0px !important;||margin-left: 20px !important;\" global_colors_info=\"{}\" custom_css_main_element_last_edited=\"on|phone\" custom_css_main_element_phone=\"width: 150px !important;||margin: 0 auto 20px auto !important;\" custom_css_main_element_tablet=\"display: flex;||flex-direction: row-reverse;||align-items: center;||gap: 30px;||margin-bottom: 0px !important;||display: flex;||flex-direction: row-reverse;||align-items: flex-end; \/* Esta es la l\u00ednea que cambia todo hacia abajo *\/||gap: 30px;||padding-bottom: 0px !important;||margin-bottom: 0px !important;||display: flex;||flex-direction: row-reverse;||align-items: flex-end;\" custom_css_member_image_last_edited=\"on|phone\" custom_css_member_image_phone=\"br\" custom_css_member_image_tablet=\"width: 150px !important; ||margin-bottom: 0px !important;||margin-left: 20px !important;\"][\/et_pb_team_member][\/et_pb_column][\/et_pb_row][et_pb_row use_custom_gutter=\"on\" gutter_width=\"1\" _builder_version=\"4.16\" width_tablet=\"\" width_phone=\"87%\" width_last_edited=\"on|desktop\" module_alignment=\"center\" custom_padding=\"||0px|2px||\" global_colors_info=\"{}\"][et_pb_column type=\"4_4\" _builder_version=\"4.16\" global_colors_info=\"{}\"][et_pb_text _builder_version=\"4.27.4\" text_font=\"Roboto|300|||||||\" text_font_size=\"22px\" text_letter_spacing=\"1px\" text_line_height=\"1.8em\" header_text_align=\"center\" header_text_color=\"#628d3c\" header_font_size=\"64px\" header_2_font=\"Roboto|100|on||||||\" header_2_text_align=\"center\" z_index=\"57\" width=\"100%\" module_alignment=\"center\" custom_margin=\"0px||||false|false\" custom_padding=\"0px||0px|||\" text_font_size_tablet=\"\" text_font_size_phone=\"\" text_font_size_last_edited=\"on|phone\" header_font_size_tablet=\"33px\" header_font_size_phone=\"35px\" header_font_size_last_edited=\"on|phone\" header_2_font_size_tablet=\"\" header_2_font_size_phone=\"\" header_2_font_size_last_edited=\"on|desktop\" global_colors_info=\"{}\"]<\/p>\n<p>Inaugurado el 13 de mayo de 2026, ED\u00c9N Naturaleza integra la educaci\u00f3n ambiental como eje de su propuesta. Su infraestructura combina espacios recreativos y deportivos con un laberinto vegetal de tama\u00f1o natural, tirolesas interconectadas, senderos para correr, canchas de basquetbol y futbol, espejos de agua y \u00e1reas de convivencia. \"No quer\u00edamos limitarnos a rehabilitar un parque; buscamos crear un espacio que despertara la curiosidad de los ni\u00f1os, fortaleciera la convivencia familiar y acercara a las nuevas generaciones al cuidado del medioambiente\", se\u00f1ala el alcalde.<\/p>\n<p>El parque dispone de un sistema de riego tecnificado y automatizado que emplea programadores, v\u00e1lvulas y sensores para ajustar el suministro de agua de acuerdo con las condiciones clim\u00e1ticas y la humedad del suelo, lo que permite conservar las \u00e1reas verdes y hacer un uso m\u00e1s eficiente del recurso.<\/p>\n<p><strong>Arraigo colectivo<\/strong><\/p>\n<p dir=\"ltr\">Los tres parques registran en conjunto una afluencia superior a 50 mil personas al mes. La alcald\u00eda organiza actividades deportivas, recreativas y culturales dirigidas a ni\u00f1os, j\u00f3venes, familias y personas adultas mayores. Las zonas aleda\u00f1as cuentan con mejoras en el alumbrado, la repavimentaci\u00f3n y una mayor presencia policial.<\/p>\n<p dir=\"ltr\">Esta intervenci\u00f3n forma parte de una estrategia territorial m\u00e1s amplia. En a\u00f1o y medio, Gustavo A. Madero construy\u00f3 90 kil\u00f3metros de Senderos de Paz, Seguridad y Esperanza, con acciones en \u00e1reas verdes, camellones, fachadas e infraestructura comunitaria. La meta de la alcald\u00eda es alcanzar 200 kil\u00f3metros.<\/p>\n<p dir=\"ltr\">La administraci\u00f3n articula estas acciones para evitar intervenciones aisladas. Parques, Senderos de Paz y mejoras urbanas responden a una l\u00f3gica territorial integral con infraestructura, prevenci\u00f3n y convivencia. \"Fortalecer la seguridad no consiste \u00fanicamente en vigilancia, tambi\u00e9n requiere espacios p\u00fablicos dignos que promuevan la convivencia y recuperen el tejido social\", afirma Lozano Reynoso.<\/p>\n<p><strong>Red ED\u00c9N en expansi\u00f3n<\/strong><\/p>\n<p dir=\"ltr\">Mestizaje, Juventino Rosas y Naturaleza marcan el inicio de la red. La siguiente etapa contempla cuatro nuevos proyectos en distintas zonas de la demarcaci\u00f3n.<\/p>\n<p dir=\"ltr\">ED\u00c9N Acu\u00e1tico avanza en la zona de Eduardo Molina y Arag\u00f3n; ED\u00c9N Tecnol\u00f3gico ocupar\u00e1 un espacio en San Juan de Arag\u00f3n; DINO ED\u00c9N abrir\u00e1 sus puertas en Progreso Nacional y ED\u00c9N Invernal tendr\u00e1 como sede el Deportivo El Zarco. \"Los ED\u00c9N llegaron para quedarse. Nuestra visi\u00f3n es consolidar una red de espacios p\u00fablicos de primer nivel que siga transformando colonias, cerrando brechas de desigualdad y garantizando que todas las familias de Gustavo A. Madero tengan acceso gratuito a lugares seguros, modernos y llenos de vida\", sostiene el alcalde.<\/p>\n<p dir=\"ltr\">Lozano Reynoso se\u00f1ala que esta red forma parte de una visi\u00f3n de largo plazo orientada a fortalecer el bienestar y la cohesi\u00f3n social, y que puede servir como referencia para otros gobiernos locales. \"Lo importante es replicar un modelo de gobierno que entiende que la seguridad tambi\u00e9n se construye con oportunidades, espacios dignos y una mejor calidad de vida\", concluye el alcalde.<\/p>\n<p>[\/et_pb_text][\/et_pb_column][\/et_pb_row][\/et_pb_section]<\/p>\n","protected":false},"excerpt":{"rendered":"<p>La alcald\u00eda invierte en obra p\u00fablica y recuperaci\u00f3n del entorno para ampliar el acceso ciudadano a parques urbanos de calidad<\/p>\n","protected":false},"author":3,"featured_media":49292,"comment_status":"open","ping_status":"open","sticky":false,"template":"","format":"standard","meta":{"_et_pb_use_builder":"on","_et_pb_old_content":"","_et_gb_content_width":"2880","footnotes":""},"categories":[23,1603,1602],"tags":[],"class_list":["post-49289","post","type-post","status-publish","format-standard","has-post-thumbnail","hentry","category-alcaldes-de-mexico","category-aniversario-2026","category-septiembre-2026"],"aioseo_notices":[],"_links":{"self":[{"href":"https:\/\/www.alcaldesdemexico.com\/revista\/wp-json\/wp\/v2\/posts\/49289","targetHints":{"allow":["GET"]}}],"collection":[{"href":"https:\/\/www.alcaldesdemexico.com\/revista\/wp-json\/wp\/v2\/posts"}],"about":[{"href":"https:\/\/www.alcaldesdemexico.com\/revista\/wp-json\/wp\/v2\/types\/post"}],"author":[{"embeddable":true,"href":"https:\/\/www.alcaldesdemexico.com\/revista\/wp-json\/wp\/v2\/users\/3"}],"replies":[{"embeddable":true,"href":"https:\/\/www.alcaldesdemexico.com\/revista\/wp-json\/wp\/v2\/comments?post=49289"}],"version-history":[{"count":5,"href":"https:\/\/www.alcaldesdemexico.com\/revista\/wp-json\/wp\/v2\/posts\/49289\/revisions"}],"predecessor-version":[{"id":49410,"href":"https:\/\/www.alcaldesdemexico.com\/revista\/wp-json\/wp\/v2\/posts\/49289\/revisions\/49410"}],"wp:featuredmedia":[{"embeddable":true,"href":"https:\/\/www.alcaldesdemexico.com\/revista\/wp-json\/wp\/v2\/media\/49292"}],"wp:attachment":[{"href":"https:\/\/www.alcaldesdemexico.com\/revista\/wp-json\/wp\/v2\/media?parent=49289"}],"wp:term":[{"taxonomy":"category","embeddable":true,"href":"https:\/\/www.alcaldesdemexico.com\/revista\/wp-json\/wp\/v2\/categories?post=49289"},{"taxonomy":"post_tag","embeddable":true,"href":"https:\/\/www.alcaldesdemexico.com\/revista\/wp-json\/wp\/v2\/tags?post=49289"}],"curies":[{"name":"wp","href":"https:\/\/api.w.org\/{rel}","templated":true}]}}