{"id":49353,"date":"2026-08-21T21:07:28","date_gmt":"2026-08-21T21:07:28","guid":{"rendered":"https:\/\/www.alcaldesdemexico.com\/revista\/?p=49353"},"modified":"2026-08-21T21:07:30","modified_gmt":"2026-08-21T21:07:30","slug":"capacitacion-para-el-trabajo","status":"publish","type":"post","link":"https:\/\/www.alcaldesdemexico.com\/revista\/alcaldes-de-mexico\/capacitacion-para-el-trabajo\/","title":{"rendered":"Capacitaci\u00f3n para el trabajo"},"content":{"rendered":"\n[et_pb_section fb_built=\"1\" _builder_version=\"4.16\" width=\"80%\" width_tablet=\"100%\" width_phone=\"100%\" width_last_edited=\"on|phone\" max_width=\"100%\" module_alignment=\"center\" custom_padding=\"|0px||0px|false|false\" border_color_all=\"#e9ebdd\" border_width_top=\"0px\" global_colors_info=\"{}\" theme_builder_area=\"post_content\"][et_pb_row _builder_version=\"4.16\" global_colors_info=\"{}\" theme_builder_area=\"post_content\"][et_pb_column type=\"4_4\" _builder_version=\"4.16\" global_colors_info=\"{}\" theme_builder_area=\"post_content\"][et_pb_image src=\"https:\/\/www.alcaldesdemexico.com\/revista\/wp-content\/uploads\/2026\/08\/4_11zon-24.webp\" title_text=\"4_11zon (24)\" align=\"center\" _builder_version=\"4.27.4\" hover_enabled=\"0\" global_colors_info=\"{}\" theme_builder_area=\"post_content\" sticky_enabled=\"0\"][\/et_pb_image][\/et_pb_column][\/et_pb_row][et_pb_row _builder_version=\"4.16\" width_tablet=\"100%\" width_phone=\"\" width_last_edited=\"on|desktop\" module_alignment=\"center\" min_height=\"308px\" custom_margin=\"|||118px|false|false\" custom_padding=\"||4px||false|false\" global_colors_info=\"{}\" theme_builder_area=\"post_content\"][et_pb_column type=\"4_4\" _builder_version=\"4.16\" global_colors_info=\"{}\" theme_builder_area=\"post_content\"][et_pb_code _builder_version=\"4.16\" global_colors_info=\"{}\" theme_builder_area=\"post_content\"]<script type=\"text\/javascript\"><!-- [et_pb_line_break_holder] -->\t(function($){<!-- [et_pb_line_break_holder] -->\t$(document).ready(function() {<!-- [et_pb_line_break_holder] -->\t  $( '#videopopup a' ).addClass('popup-video');<!-- [et_pb_line_break_holder] -->\t    $('.popup-video').magnificPopup({<!-- [et_pb_line_break_holder] -->\t        disableOn: 100,<!-- [et_pb_line_break_holder] -->\t        type: 'iframe',<!-- [et_pb_line_break_holder] -->\t        mainClass: 'mfp-fade',<!-- [et_pb_line_break_holder] -->\t        removalDelay: 160,<!-- [et_pb_line_break_holder] -->\t        preloader: false,<!-- [et_pb_line_break_holder] -->\t        fixedContentPos: false<!-- [et_pb_line_break_holder] -->\t    });<!-- [et_pb_line_break_holder] -->\t});<!-- [et_pb_line_break_holder] -->\t})(jQuery)<!-- [et_pb_line_break_holder] --><\/script>[\/et_pb_code][et_pb_text _builder_version=\"4.27.4\" header_font=\"Roboto|900|||||||\" header_text_align=\"center\" header_text_color=\"#000000\" header_font_size=\"67px\" header_2_font=\"Roboto|100|on||||||\" header_2_text_align=\"center\" width=\"80%\" width_tablet=\"\" width_phone=\"100%\" width_last_edited=\"on|desktop\" max_width=\"100%\" module_alignment=\"center\" hover_enabled=\"0\" text_font_size_tablet=\"\" text_font_size_phone=\"\" text_font_size_last_edited=\"on|desktop\" header_font_size_tablet=\"43px\" header_font_size_phone=\"28px\" header_font_size_last_edited=\"on|tablet\" header_2_font_size_tablet=\"\" header_2_font_size_phone=\"\" header_2_font_size_last_edited=\"on|desktop\" global_colors_info=\"{}\" theme_builder_area=\"post_content\" sticky_enabled=\"0\"]<h1 style=\"text-align: center;\"><span>FORTALECIMIENTO DE HABILIDADES PARA EL EMPLEO<br \/><\/span><\/h1>\n<p>&nbsp;<\/p>\n<h2 style=\"text-align: center;\">El municipio impulsa m\u00e1s de 700 emprendimientos con capacitaci\u00f3n integral e inclusiva a trav\u00e9s de Emprendedores al Centro\u00a0<\/h2>\n<p>&nbsp;<\/p>[\/et_pb_text][\/et_pb_column][\/et_pb_row][et_pb_row column_structure=\"1_2,1_2\" _builder_version=\"4.27.4\" locked=\"off\" global_colors_info=\"{}\" theme_builder_area=\"post_content\"][et_pb_column type=\"1_2\" _builder_version=\"4.27.4\" use_background_color_gradient=\"on\" background_color_gradient_direction=\"90deg\" background_color_gradient_stops=\"#f6f4e5 0%|rgba(255,255,255,0) 36%\" global_colors_info=\"{}\" theme_builder_area=\"post_content\"][et_pb_image src=\"https:\/\/www.alcaldesdemexico.com\/revista\/wp-content\/uploads\/2026\/08\/1.fw_11zon-32.webp\" title_text=\"1.fw_11zon (32)\" _builder_version=\"4.27.4\" _module_preset=\"default\" hover_enabled=\"0\" global_colors_info=\"{}\" theme_builder_area=\"post_content\" sticky_enabled=\"0\"][\/et_pb_image][\/et_pb_column][et_pb_column type=\"1_2\" _builder_version=\"4.16\" global_colors_info=\"{}\" theme_builder_area=\"post_content\"][et_pb_text _builder_version=\"4.27.4\" text_font=\"Roboto|300|||||||\" text_font_size=\"22px\" text_letter_spacing=\"1px\" text_line_height=\"1.8em\" header_text_align=\"center\" header_text_color=\"#628d3c\" header_font_size=\"64px\" header_2_font=\"Roboto|100|on||||||\" header_2_text_align=\"center\" z_index=\"57\" width=\"100%\" module_alignment=\"center\" custom_margin=\"0px||||false|false\" custom_padding=\"0px||0px|0px||\" hover_enabled=\"0\" text_font_size_tablet=\"\" text_font_size_phone=\"\" text_font_size_last_edited=\"on|phone\" header_font_size_tablet=\"33px\" header_font_size_phone=\"35px\" header_font_size_last_edited=\"on|phone\" header_2_font_size_tablet=\"\" header_2_font_size_phone=\"\" header_2_font_size_last_edited=\"on|desktop\" global_colors_info=\"{}\" theme_builder_area=\"post_content\" sticky_enabled=\"0\"]<p><span>Por \u00c1ngel P\u00e9rez S\u00e1nchez<br \/><span style=\"font-size: small;\">FOTOS: CORTES\u00cdA DEL GOBIERNO MUNICIPAL DE CENTRO<br \/><\/span><\/span><\/p>\n<p>El gobierno municipal de Centro, Tabasco, impulsa el emprendimiento como una estrategia para fortalecer la econom\u00eda familiar y ampliar las oportunidades de desarrollo. A trav\u00e9s del programa Emprendedores al Centro, acompa\u00f1a actualmente a 765 personas en el fortalecimiento de sus proyectos, con herramientas orientadas a mejorar la gesti\u00f3n, incrementar las ventas de forma sostenible y consolidar sus negocios.<\/p>[\/et_pb_text][\/et_pb_column][\/et_pb_row][et_pb_row use_custom_gutter=\"on\" gutter_width=\"1\" _builder_version=\"4.16\" width_tablet=\"\" width_phone=\"87%\" width_last_edited=\"on|desktop\" module_alignment=\"center\" custom_padding=\"||0px|2px||\" global_colors_info=\"{}\" theme_builder_area=\"post_content\"][et_pb_column type=\"4_4\" _builder_version=\"4.16\" global_colors_info=\"{}\" theme_builder_area=\"post_content\"][et_pb_text _builder_version=\"4.27.4\" text_font=\"Roboto|300|||||||\" text_font_size=\"22px\" text_letter_spacing=\"1px\" text_line_height=\"1.8em\" header_text_align=\"center\" header_text_color=\"#628d3c\" header_font_size=\"64px\" header_2_font=\"Roboto|100|on||||||\" header_2_text_align=\"center\" z_index=\"57\" width=\"100%\" module_alignment=\"center\" custom_margin=\"0px||||false|false\" custom_padding=\"0px||0px|||\" hover_enabled=\"0\" text_font_size_tablet=\"\" text_font_size_phone=\"\" text_font_size_last_edited=\"on|phone\" header_font_size_tablet=\"33px\" header_font_size_phone=\"35px\" header_font_size_last_edited=\"on|phone\" header_2_font_size_tablet=\"\" header_2_font_size_phone=\"\" header_2_font_size_last_edited=\"on|desktop\" global_colors_info=\"{}\" theme_builder_area=\"post_content\" sticky_enabled=\"0\"]<p dir=\"ltr\">Las autoridades municipales colocaron el emprendimiento en el centro de la pol\u00edtica p\u00fablica al identificar la necesidad de fortalecer alternativas que permitan a las familias generar recursos propios, diversificar sus oportunidades y construir mayor autonom\u00eda econ\u00f3mica. \"La gente posee talento, oficio o una idea con un enorme potencial para salir adelante. No busca que le regalen nada; lo que necesita son las herramientas precisas para transformar su talento y su trabajo diario en una fuente de ingresos constante y sostenible\", afirma la Presidenta Municipal, Yolanda Osuna Huerta.<\/p>\n<p dir=\"ltr\">El programa refleja su impacto en el desarrollo de capacidades productivas, la continuidad de los emprendimientos, la generaci\u00f3n de ingresos propios y la creaci\u00f3n de condiciones para que los proyectos evolucionen y consoliden su viabilidad econ\u00f3mica. Esta estrategia promueve la autonom\u00eda econ\u00f3mica de las personas y ampl\u00eda las posibilidades de que aquellos negocios con potencial de crecimiento se conviertan en generadores de empleo en el mediano plazo.<\/p>\n<p><strong>Inclusi\u00f3n laboral<\/strong><\/p>\n<p dir=\"ltr\">El programa destaca por su car\u00e1cter incluyente, como lo muestran 59 participantes con discapacidad visual, auditiva y motriz. La Presidenta Municipal de Centro se\u00f1ala: \"La inclusi\u00f3n tambi\u00e9n produce, y las capacidades no se miden por las barreras, sino por lo que cada persona alcanza cuando se encuentra con oportunidades reales\".<\/p>\n<p dir=\"ltr\">Este enfoque refleja el compromiso del municipio de Centro por mejorar la accesibilidad de los programas y reconoce que la inclusi\u00f3n no constituye un favor, sino un derecho y una v\u00eda para fortalecer la econom\u00eda local.<\/p>\n<p dir=\"ltr\">Dentro de las prioridades del programa, cuya filosof\u00eda es \"emprende, crece y transforma\", sobresale el impulso a las micro, peque\u00f1as y medianas empresas que, de acuerdo con el Instituto Nacional de Estad\u00edstica y Geograf\u00eda (Inegi), representan el 99.8 por ciento de los establecimientos econ\u00f3micos del pa\u00eds y generan alrededor del 70 por ciento del empleo nacional.<\/p>[\/et_pb_text][\/et_pb_column][\/et_pb_row][et_pb_row _builder_version=\"4.16\" global_colors_info=\"{}\" theme_builder_area=\"post_content\"][et_pb_column type=\"4_4\" _builder_version=\"4.16\" global_colors_info=\"{}\" theme_builder_area=\"post_content\"][et_pb_image src=\"https:\/\/www.alcaldesdemexico.com\/revista\/wp-content\/uploads\/2026\/08\/2.fw_11zon-32-scaled.webp\" force_fullwidth=\"on\" _builder_version=\"4.27.4\" hover_enabled=\"0\" global_colors_info=\"{}\" theme_builder_area=\"post_content\" title_text=\"2.fw_11zon (32)\" sticky_enabled=\"0\"][\/et_pb_image][\/et_pb_column][\/et_pb_row][et_pb_row column_structure=\"2_3,1_3\" _builder_version=\"4.16\" global_colors_info=\"{}\" theme_builder_area=\"post_content\"][et_pb_column type=\"2_3\" _builder_version=\"4.16\" global_colors_info=\"{}\" theme_builder_area=\"post_content\"][et_pb_text _builder_version=\"4.27.4\" text_font=\"Roboto|300|||||||\" text_font_size=\"22px\" text_letter_spacing=\"1px\" text_line_height=\"1.8em\" header_text_align=\"center\" header_text_color=\"#628d3c\" header_font_size=\"64px\" header_2_font=\"Roboto|100|on||||||\" header_2_text_align=\"center\" z_index=\"57\" width=\"100%\" module_alignment=\"center\" custom_margin=\"0px||||false|false\" custom_padding=\"0px||0px|||\" hover_enabled=\"0\" text_font_size_tablet=\"\" text_font_size_phone=\"\" text_font_size_last_edited=\"on|phone\" header_font_size_tablet=\"33px\" header_font_size_phone=\"35px\" header_font_size_last_edited=\"on|phone\" header_2_font_size_tablet=\"\" header_2_font_size_phone=\"\" header_2_font_size_last_edited=\"on|desktop\" global_colors_info=\"{}\" theme_builder_area=\"post_content\" sticky_enabled=\"0\"]<p><strong>Diversificaci\u00f3n econ\u00f3mica<\/strong><\/p>\n<p dir=\"ltr\">La alcaldesa sostiene que ampliar las oportunidades econ\u00f3micas y acompa\u00f1ar el talento exige extender la cobertura del programa, por lo que el municipio estableci\u00f3 cuatro sedes con ocho grupos: Tabasco 2000, Barrio M\u00e1gico, Atasta y Yokot'an, en Tamult\u00e9 de las Sabanas y Buena Vista Segunda Secci\u00f3n.<\/p>\n<p dir=\"ltr\">Yolanda Osuna enfatiza que acercar el programa a zonas con arraigo ind\u00edgena como Yokot'an permite \"reconocer que el emprendimiento tambi\u00e9n se fortalece a partir de los saberes tradicionales, la gastronom\u00eda, las artesan\u00edas, los servicios y otras actividades productivas estrechamente vinculadas con el territorio\".<\/p>\n<p dir=\"ltr\">Gracias a la descentralizaci\u00f3n, los participantes reducen costos de transporte, tiempos de traslado y barreras asociadas a las labores de cuidado, que afectan con mayor frecuencia a mujeres, personas con discapacidad y habitantes de zonas perif\u00e9ricas.<\/p>\n<p dir=\"ltr\">Los propios participantes impulsan el crecimiento del programa. En la tercera generaci\u00f3n se graduaron 285 personas, cifra superior a las 232 de la primera y 248 de la segunda edici\u00f3n. Entre marzo de 2025 y julio de 2026, el programa recibi\u00f3 m\u00e1s de 1,200 solicitudes, incorpor\u00f3 a 780 personas y logr\u00f3 que 765 concluyeran satisfactoriamente su formaci\u00f3n, con una tasa de egreso superior al 98 por ciento.<\/p>[\/et_pb_text][\/et_pb_column][et_pb_column type=\"1_3\" _builder_version=\"4.16\" background_color=\"#ffffff\" global_colors_info=\"{}\" theme_builder_area=\"post_content\"][et_pb_text ul_type=\"none\" ul_position=\"inside\" _builder_version=\"4.27.4\" text_font=\"Roboto|700|||||||\" text_text_color=\"#FFFFFF\" text_font_size=\"22px\" text_letter_spacing=\"1px\" text_line_height=\"1.8em\" ul_font=\"Roboto|500||on|||||\" ul_text_color=\"#97999b\" ol_font=\"Roboto|500|||||||\" ol_text_color=\"#e09900\" header_text_align=\"center\" header_text_color=\"#628d3c\" header_font_size=\"64px\" header_2_font=\"Roboto|100|on||||||\" header_2_text_align=\"center\" background_color=\"#f3cb51\" z_index=\"57\" width=\"100%\" module_alignment=\"center\" custom_margin=\"0px||||false|false\" custom_padding=\"25px|10px|25px|10px|false|false\" hover_enabled=\"0\" text_font_size_tablet=\"\" text_font_size_phone=\"\" text_font_size_last_edited=\"on|phone\" header_font_size_tablet=\"33px\" header_font_size_phone=\"35px\" header_font_size_last_edited=\"on|phone\" header_2_font_size_tablet=\"\" header_2_font_size_phone=\"\" header_2_font_size_last_edited=\"on|desktop\" border_color_all=\"#f15322\" global_colors_info=\"{}\" theme_builder_area=\"post_content\" sticky_enabled=\"0\"]<span style=\"color: #ed6944;\"><strong>\u2731 <\/strong><\/span><span style=\"font-weight: 400;\">Emprendedores al Centro suma 765 participantes, entre ellos 59 personas con discapacidad visual, auditiva y motriz<\/span>[\/et_pb_text][et_pb_text ul_type=\"none\" ul_position=\"inside\" _builder_version=\"4.27.4\" text_font=\"Roboto|700|||||||\" text_text_color=\"#FFFFFF\" text_font_size=\"22px\" text_letter_spacing=\"1px\" text_line_height=\"1.8em\" ul_font=\"Roboto|500||on|||||\" ul_text_color=\"#97999b\" ol_font=\"Roboto|500|||||||\" ol_text_color=\"#e09900\" header_text_align=\"center\" header_text_color=\"#628d3c\" header_font_size=\"64px\" header_2_font=\"Roboto|100|on||||||\" header_2_text_align=\"center\" background_color=\"#ed6944\" z_index=\"57\" width=\"100%\" module_alignment=\"center\" custom_margin=\"0px||||false|false\" custom_padding=\"25px|10px|25px|10px|false|false\" hover_enabled=\"0\" text_font_size_tablet=\"\" text_font_size_phone=\"\" text_font_size_last_edited=\"on|phone\" header_font_size_tablet=\"33px\" header_font_size_phone=\"35px\" header_font_size_last_edited=\"on|phone\" header_2_font_size_tablet=\"\" header_2_font_size_phone=\"\" header_2_font_size_last_edited=\"on|desktop\" border_color_all=\"#f15322\" global_colors_info=\"{}\" theme_builder_area=\"post_content\" sticky_enabled=\"0\"]<span style=\"color: #519f94;\"><strong>\u2731 <\/strong><\/span><span style=\"font-weight: 400;\">Hasta julio de 2026, el programa recibi\u00f3 m\u00e1s de 1,200 solicitudes y sum\u00f3 la incorporaci\u00f3n de 780 personas emprendedoras<\/span>[\/et_pb_text][et_pb_text ul_type=\"none\" ul_position=\"inside\" _builder_version=\"4.27.4\" text_font=\"Roboto|700|||||||\" text_text_color=\"#FFFFFF\" text_font_size=\"22px\" text_letter_spacing=\"1px\" text_line_height=\"1.8em\" ul_font=\"Roboto|500||on|||||\" ul_text_color=\"#97999b\" ol_font=\"Roboto|500|||||||\" ol_text_color=\"#e09900\" header_text_align=\"center\" header_text_color=\"#628d3c\" header_font_size=\"64px\" header_2_font=\"Roboto|100|on||||||\" header_2_text_align=\"center\" background_color=\"#169080\" z_index=\"57\" width=\"100%\" module_alignment=\"center\" custom_margin=\"0px||||false|false\" custom_padding=\"25px|10px|25px|10px|false|false\" hover_enabled=\"0\" text_font_size_tablet=\"\" text_font_size_phone=\"\" text_font_size_last_edited=\"on|phone\" header_font_size_tablet=\"33px\" header_font_size_phone=\"35px\" header_font_size_last_edited=\"on|phone\" header_2_font_size_tablet=\"\" header_2_font_size_phone=\"\" header_2_font_size_last_edited=\"on|desktop\" border_color_all=\"#f15322\" global_colors_info=\"{}\" theme_builder_area=\"post_content\" sticky_enabled=\"0\"]<span style=\"color: #e5c754;\"><strong>\u2731 <\/strong><\/span><span style=\"font-weight: 400;\">El municipio invirti\u00f3 7 millones 882 mil pesos en las tres generaciones del programa Emprendedores al Centro<\/span>[\/et_pb_text][\/et_pb_column][\/et_pb_row][et_pb_row use_custom_gutter=\"on\" gutter_width=\"1\" _builder_version=\"4.16\" width_tablet=\"\" width_phone=\"87%\" width_last_edited=\"on|desktop\" module_alignment=\"center\" custom_padding=\"||0px|2px||\" global_colors_info=\"{}\" theme_builder_area=\"post_content\"][et_pb_column type=\"4_4\" _builder_version=\"4.16\" global_colors_info=\"{}\" theme_builder_area=\"post_content\"][et_pb_text _builder_version=\"4.27.4\" text_font=\"Roboto|900|||||||\" text_font_size=\"22px\" text_letter_spacing=\"1px\" text_line_height=\"1.8em\" header_font=\"Roboto||||||||\" header_text_align=\"center\" header_text_color=\"#808285\" header_font_size=\"42px\" header_2_font=\"Roboto|100|on||||||\" header_2_text_align=\"center\" header_3_font=\"Roboto|900|||||||\" header_3_text_align=\"center\" header_3_text_color=\"#a8a8a8\" header_3_font_size=\"33px\" z_index=\"57\" width=\"100%\" module_alignment=\"center\" custom_margin=\"0px||||false|false\" custom_padding=\"0px||0px|||\" hover_enabled=\"0\" text_font_size_tablet=\"\" text_font_size_phone=\"\" text_font_size_last_edited=\"on|phone\" header_font_size_tablet=\"24px\" header_font_size_phone=\"25px\" header_font_size_last_edited=\"on|desktop\" header_2_font_size_tablet=\"\" header_2_font_size_phone=\"\" header_2_font_size_last_edited=\"on|desktop\" global_colors_info=\"{}\" theme_builder_area=\"post_content\" sticky_enabled=\"0\"]<h3><span style=\"font-weight: 400;\"><span>\"La inclusi\u00f3n no es un favor, es un derecho y tambi\u00e9n produce; las capacidades se miden por lo que cada persona alcanza con oportunidades reales.\"<br \/><\/span><\/span><\/h3>[\/et_pb_text][et_pb_team_member name=\"Yolanda Osuna Huerta\" position=\"Presidenta Municipal de Centro, Tab.\" image_url=\"https:\/\/www.alcaldesdemexico.com\/revista\/wp-content\/uploads\/2026\/08\/3.fw_11zon-31.webp\" use_icon_font_size=\"on\" _builder_version=\"4.27.4\" _module_preset=\"default\" header_font=\"Roboto|300|||||||\" header_text_color=\"#a3a4a7\" header_font_size=\"20px\" position_font=\"Roboto||||||||\" position_text_color=\"#000000\" position_font_size=\"20px\" position_line_height=\"1.5em\" text_orientation=\"right\" hover_enabled=\"0\" header_font_size_tablet=\"18px\" header_font_size_phone=\"18px\" header_font_size_last_edited=\"on|tablet\" body_text_align_tablet=\"\" body_text_align_phone=\"center\" body_text_align_last_edited=\"on|desktop\" body_font_size_phone=\"1px\" body_font_size_last_edited=\"off|phone\" position_font_size_tablet=\"18px\" position_font_size_phone=\"17px\" position_font_size_last_edited=\"on|desktop\" custom_css_main_element=\"display: flex;||flex-direction: row-reverse;||align-items: center;||gap: 30px;||margin-bottom: 0px !important;||display: flex;||flex-direction: row-reverse;||align-items: flex-end; \/* Esta es la l\u00ednea que cambia todo hacia abajo *\/||gap: 30px;||padding-bottom: 0px !important;||margin-bottom: 0px !important;||display: flex;||flex-direction: row-reverse;||align-items: flex-end;\" custom_css_member_image=\"width: 150px !important; ||margin-bottom: 0px !important;||margin-left: 20px !important;\" global_colors_info=\"{}\" custom_css_main_element_last_edited=\"on|phone\" custom_css_main_element_phone=\"width: 150px !important;||margin: 0 auto 20px auto !important;\" custom_css_main_element_tablet=\"display: flex;||flex-direction: row-reverse;||align-items: center;||gap: 30px;||margin-bottom: 0px !important;||display: flex;||flex-direction: row-reverse;||align-items: flex-end; \/* Esta es la l\u00ednea que cambia todo hacia abajo *\/||gap: 30px;||padding-bottom: 0px !important;||margin-bottom: 0px !important;||display: flex;||flex-direction: row-reverse;||align-items: flex-end;\" custom_css_member_image_last_edited=\"on|phone\" custom_css_member_image_phone=\"br\" custom_css_member_image_tablet=\"width: 150px !important; ||margin-bottom: 0px !important;||margin-left: 20px !important;\" theme_builder_area=\"post_content\" sticky_enabled=\"0\" title_text=\"3.fw_11zon (31)\"][\/et_pb_team_member][\/et_pb_column][\/et_pb_row][et_pb_row use_custom_gutter=\"on\" gutter_width=\"1\" _builder_version=\"4.16\" width_tablet=\"\" width_phone=\"87%\" width_last_edited=\"on|desktop\" module_alignment=\"center\" custom_padding=\"||0px|2px||\" global_colors_info=\"{}\" theme_builder_area=\"post_content\"][et_pb_column type=\"4_4\" _builder_version=\"4.16\" global_colors_info=\"{}\" theme_builder_area=\"post_content\"][et_pb_text _builder_version=\"4.27.4\" text_font=\"Roboto|300|||||||\" text_font_size=\"22px\" text_letter_spacing=\"1px\" text_line_height=\"1.8em\" header_text_align=\"center\" header_text_color=\"#628d3c\" header_font_size=\"64px\" header_2_font=\"Roboto|100|on||||||\" header_2_text_align=\"center\" z_index=\"57\" width=\"100%\" module_alignment=\"center\" custom_margin=\"0px||||false|false\" custom_padding=\"0px||0px|||\" hover_enabled=\"0\" text_font_size_tablet=\"\" text_font_size_phone=\"\" text_font_size_last_edited=\"on|phone\" header_font_size_tablet=\"33px\" header_font_size_phone=\"35px\" header_font_size_last_edited=\"on|phone\" header_2_font_size_tablet=\"\" header_2_font_size_phone=\"\" header_2_font_size_last_edited=\"on|desktop\" global_colors_info=\"{}\" theme_builder_area=\"post_content\" sticky_enabled=\"0\"]<p><strong>Autoempleo productivo<\/strong><\/p>\n<p dir=\"ltr\">El modelo brinda a cada participante conocimientos, habilidades y confianza para convertir una idea en una oportunidad de vida mediante el autoempleo productivo y la consolidaci\u00f3n de unidades econ\u00f3micas con mayores posibilidades de permanencia.<\/p>\n<p dir=\"ltr\">Dado que la permanencia de un emprendimiento depende en gran medida de la toma de decisiones previa a la inversi\u00f3n de recursos, Emprendedores al Centro estructura su acompa\u00f1amiento en cinco niveles: desarrollo personal; administraci\u00f3n comercial; educaci\u00f3n financiera, fiscal y legal; planeaci\u00f3n operativa, y apoyo econ\u00f3mico junto con redes de colaboraci\u00f3n promovidas por el municipio, el gobierno estatal, c\u00e1maras empresariales y asociaciones.<\/p>\n<p dir=\"ltr\">Con estas herramientas, los emprendedores calculan costos, ordenan sus finanzas, fijan precios, identifican a sus clientes, fortalecen la promoci\u00f3n de sus productos o servicios, comprenden sus obligaciones fiscales y elaboran una hoja de ruta comercial.<\/p>\n<p dir=\"ltr\">El programa opera con la participaci\u00f3n de la Universidad Ju\u00e1rez Aut\u00f3noma de Tabasco, el Consejo Coordinador Empresarial, la C\u00e1mara Mexicana de la Industria de la Construcci\u00f3n, la coordinaci\u00f3n de Proyectos Estrat\u00e9gicos y Vinculaci\u00f3n del Ayuntamiento de Centro y la Direcci\u00f3n de Fomento Econ\u00f3mico y Turismo.<\/p>\n<p dir=\"ltr\">Osuna Huerta reconoce que una sola intervenci\u00f3n no resulta suficiente, por lo que el modelo incorpora una segunda etapa denominada Emprendedores+, que refuerza lo aprendido y aporta conocimientos especializados a cada proyecto.<\/p>\n<p dir=\"ltr\">En esta etapa, los empresarios acceden a contenidos pr\u00e1cticos, certificaciones para negocios en marcha, mentor\u00edas y mecanismos de vinculaci\u00f3n con instituciones acad\u00e9micas y empresariales, as\u00ed como incentivos para el registro de marcas y el tr\u00e1nsito hacia unidades econ\u00f3micas m\u00e1s organizadas.<\/p>\n<p dir=\"ltr\">La Presidenta Municipal afirma que Emprendedores al Centro funciona hoy como un modelo escalable con una ruta progresiva de acompa\u00f1amiento, fortalecimiento empresarial y desarrollo econ\u00f3mico. Las primeras generaciones ya consolidan sus unidades productivas con este esquema.<\/p>\n<p dir=\"ltr\">La Directora de Fomento Econ\u00f3mico y Turismo, Evelyn Dexmayners Medina, destaca que los resultados ya son visibles en la comunidad: desde reposter\u00eda y alimentos preparados hasta el rescate de recetas tradicionales, con una fuerte presencia de proyectos artesanales con identidad cultural, como textiles, bisuter\u00eda y decoraci\u00f3n, adem\u00e1s de servicios de belleza y dise\u00f1o.<\/p>\n<p dir=\"ltr\">Con esta vocaci\u00f3n de crecimiento, el municipio de Centro busca mantener al menos una generaci\u00f3n anual e incrementar el n\u00famero de participantes, especialmente personas con discapacidad, as\u00ed como mejorar indicadores como la calidad, la aplicaci\u00f3n del plan de negocios, la permanencia de los emprendimientos, el aumento de ventas y la generaci\u00f3n de empleos.<\/p>\n<p><strong>Inversi\u00f3n para el futuro<\/strong><\/p>\n<p dir=\"ltr\">El ayuntamiento ha destinado 7 millones 882 mil pesos a las tres generaciones de Emprendedores al Centro, recursos dirigidos a la organizaci\u00f3n del programa, la operaci\u00f3n de las sedes, el proceso de capacitaci\u00f3n y el seguimiento a los participantes.<\/p>\n<p dir=\"ltr\">El programa establece una ruta gradual para que las actividades de autoempleo informal evolucionen hacia unidades econ\u00f3micas m\u00e1s organizadas y, conforme avanza su desarrollo, transiten hacia la formalizaci\u00f3n.<\/p>\n<p dir=\"ltr\">Para sus impulsores, Emprendedores al Centro no solo representa un programa de capacitaci\u00f3n, sino un canal que transforma el talento local en autonom\u00eda econ\u00f3mica.<\/p>[\/et_pb_text][\/et_pb_column][\/et_pb_row][\/et_pb_section]\n","protected":false},"excerpt":{"rendered":"<p>El municipio impulsa m\u00e1s de 700 emprendimientos con capacitaci\u00f3n integral e inclusiva a trav\u00e9s de Emprendedores al Centro<\/p>\n","protected":false},"author":3,"featured_media":49356,"comment_status":"open","ping_status":"open","sticky":false,"template":"","format":"standard","meta":{"_et_pb_use_builder":"on","_et_pb_old_content":"","_et_gb_content_width":"2880","footnotes":""},"categories":[23,1603,1602],"tags":[],"class_list":["post-49353","post","type-post","status-publish","format-standard","has-post-thumbnail","hentry","category-alcaldes-de-mexico","category-aniversario-2026","category-septiembre-2026"],"aioseo_notices":[],"_links":{"self":[{"href":"https:\/\/www.alcaldesdemexico.com\/revista\/wp-json\/wp\/v2\/posts\/49353","targetHints":{"allow":["GET"]}}],"collection":[{"href":"https:\/\/www.alcaldesdemexico.com\/revista\/wp-json\/wp\/v2\/posts"}],"about":[{"href":"https:\/\/www.alcaldesdemexico.com\/revista\/wp-json\/wp\/v2\/types\/post"}],"author":[{"embeddable":true,"href":"https:\/\/www.alcaldesdemexico.com\/revista\/wp-json\/wp\/v2\/users\/3"}],"replies":[{"embeddable":true,"href":"https:\/\/www.alcaldesdemexico.com\/revista\/wp-json\/wp\/v2\/comments?post=49353"}],"version-history":[{"count":3,"href":"https:\/\/www.alcaldesdemexico.com\/revista\/wp-json\/wp\/v2\/posts\/49353\/revisions"}],"predecessor-version":[{"id":49361,"href":"https:\/\/www.alcaldesdemexico.com\/revista\/wp-json\/wp\/v2\/posts\/49353\/revisions\/49361"}],"wp:featuredmedia":[{"embeddable":true,"href":"https:\/\/www.alcaldesdemexico.com\/revista\/wp-json\/wp\/v2\/media\/49356"}],"wp:attachment":[{"href":"https:\/\/www.alcaldesdemexico.com\/revista\/wp-json\/wp\/v2\/media?parent=49353"}],"wp:term":[{"taxonomy":"category","embeddable":true,"href":"https:\/\/www.alcaldesdemexico.com\/revista\/wp-json\/wp\/v2\/categories?post=49353"},{"taxonomy":"post_tag","embeddable":true,"href":"https:\/\/www.alcaldesdemexico.com\/revista\/wp-json\/wp\/v2\/tags?post=49353"}],"curies":[{"name":"wp","href":"https:\/\/api.w.org\/{rel}","templated":true}]}}