{"id":49362,"date":"2026-08-21T21:17:10","date_gmt":"2026-08-21T21:17:10","guid":{"rendered":"https:\/\/www.alcaldesdemexico.com\/revista\/?p=49362"},"modified":"2026-08-21T21:18:24","modified_gmt":"2026-08-21T21:18:24","slug":"movilidad-urbana","status":"publish","type":"post","link":"https:\/\/www.alcaldesdemexico.com\/revista\/alcaldes-de-mexico\/movilidad-urbana\/","title":{"rendered":"Movilidad urbana"},"content":{"rendered":"\n[et_pb_section fb_built=\"1\" _builder_version=\"4.16\" width=\"80%\" width_tablet=\"100%\" width_phone=\"100%\" width_last_edited=\"on|phone\" max_width=\"100%\" module_alignment=\"center\" custom_padding=\"|0px||0px|false|false\" border_color_all=\"#e9ebdd\" border_width_top=\"0px\" global_colors_info=\"{}\" theme_builder_area=\"post_content\"][et_pb_row _builder_version=\"4.16\" global_colors_info=\"{}\" theme_builder_area=\"post_content\"][et_pb_column type=\"4_4\" _builder_version=\"4.16\" global_colors_info=\"{}\" theme_builder_area=\"post_content\"][et_pb_image src=\"https:\/\/www.alcaldesdemexico.com\/revista\/wp-content\/uploads\/2026\/08\/4_11zon-25.webp\" title_text=\"4_11zon (25)\" align=\"center\" _builder_version=\"4.27.4\" hover_enabled=\"0\" global_colors_info=\"{}\" theme_builder_area=\"post_content\" sticky_enabled=\"0\"][\/et_pb_image][\/et_pb_column][\/et_pb_row][et_pb_row _builder_version=\"4.16\" width_tablet=\"100%\" width_phone=\"\" width_last_edited=\"on|desktop\" module_alignment=\"center\" min_height=\"308px\" custom_margin=\"|||118px|false|false\" custom_padding=\"||4px||false|false\" global_colors_info=\"{}\" theme_builder_area=\"post_content\"][et_pb_column type=\"4_4\" _builder_version=\"4.16\" global_colors_info=\"{}\" theme_builder_area=\"post_content\"][et_pb_code _builder_version=\"4.16\" global_colors_info=\"{}\" theme_builder_area=\"post_content\"]<script type=\"text\/javascript\"><!-- [et_pb_line_break_holder] -->\t(function($){<!-- [et_pb_line_break_holder] -->\t$(document).ready(function() {<!-- [et_pb_line_break_holder] -->\t  $( '#videopopup a' ).addClass('popup-video');<!-- [et_pb_line_break_holder] -->\t    $('.popup-video').magnificPopup({<!-- [et_pb_line_break_holder] -->\t        disableOn: 100,<!-- [et_pb_line_break_holder] -->\t        type: 'iframe',<!-- [et_pb_line_break_holder] -->\t        mainClass: 'mfp-fade',<!-- [et_pb_line_break_holder] -->\t        removalDelay: 160,<!-- [et_pb_line_break_holder] -->\t        preloader: false,<!-- [et_pb_line_break_holder] -->\t        fixedContentPos: false<!-- [et_pb_line_break_holder] -->\t    });<!-- [et_pb_line_break_holder] -->\t});<!-- [et_pb_line_break_holder] -->\t})(jQuery)<!-- [et_pb_line_break_holder] --><\/script>[\/et_pb_code][et_pb_text _builder_version=\"4.27.4\" header_font=\"Roboto|900|||||||\" header_text_align=\"center\" header_text_color=\"#000000\" header_font_size=\"67px\" header_2_font=\"Roboto|100|on||||||\" header_2_text_align=\"center\" width=\"80%\" width_tablet=\"\" width_phone=\"100%\" width_last_edited=\"on|desktop\" max_width=\"100%\" module_alignment=\"center\" hover_enabled=\"0\" text_font_size_tablet=\"\" text_font_size_phone=\"\" text_font_size_last_edited=\"on|desktop\" header_font_size_tablet=\"43px\" header_font_size_phone=\"28px\" header_font_size_last_edited=\"on|tablet\" header_2_font_size_tablet=\"\" header_2_font_size_phone=\"\" header_2_font_size_last_edited=\"on|desktop\" global_colors_info=\"{}\" theme_builder_area=\"post_content\" sticky_enabled=\"0\"]<h1 style=\"text-align: center;\"><span>TRASLADOS DIGNOS QUE REDUCEN DESIGUALDADES<br \/><\/span><\/h1>\n<p>&nbsp;<\/p>\n<h2 style=\"text-align: center;\">El sistema de transporte municipal gratuito mejora la movilidad y beneficia a sectores prioritarios de la poblaci\u00f3n\u00a0<\/h2>\n<p>&nbsp;<\/p>[\/et_pb_text][\/et_pb_column][\/et_pb_row][et_pb_row column_structure=\"1_2,1_2\" _builder_version=\"4.27.4\" locked=\"off\" global_colors_info=\"{}\" theme_builder_area=\"post_content\"][et_pb_column type=\"1_2\" _builder_version=\"4.27.4\" use_background_color_gradient=\"on\" background_color_gradient_direction=\"90deg\" background_color_gradient_stops=\"#f6f4e5 0%|rgba(255,255,255,0) 36%\" global_colors_info=\"{}\" theme_builder_area=\"post_content\"][et_pb_image src=\"https:\/\/www.alcaldesdemexico.com\/revista\/wp-content\/uploads\/2026\/08\/1.fw_11zon-33.webp\" title_text=\"1.fw_11zon (33)\" _builder_version=\"4.27.4\" _module_preset=\"default\" hover_enabled=\"0\" global_colors_info=\"{}\" theme_builder_area=\"post_content\" sticky_enabled=\"0\"][\/et_pb_image][\/et_pb_column][et_pb_column type=\"1_2\" _builder_version=\"4.16\" global_colors_info=\"{}\" theme_builder_area=\"post_content\"][et_pb_text _builder_version=\"4.27.4\" text_font=\"Roboto|300|||||||\" text_font_size=\"22px\" text_letter_spacing=\"1px\" text_line_height=\"1.8em\" header_text_align=\"center\" header_text_color=\"#628d3c\" header_font_size=\"64px\" header_2_font=\"Roboto|100|on||||||\" header_2_text_align=\"center\" z_index=\"57\" width=\"100%\" module_alignment=\"center\" custom_margin=\"0px||||false|false\" custom_padding=\"0px||0px|0px||\" hover_enabled=\"0\" text_font_size_tablet=\"\" text_font_size_phone=\"\" text_font_size_last_edited=\"on|phone\" header_font_size_tablet=\"33px\" header_font_size_phone=\"35px\" header_font_size_last_edited=\"on|phone\" header_2_font_size_tablet=\"\" header_2_font_size_phone=\"\" header_2_font_size_last_edited=\"on|desktop\" global_colors_info=\"{}\" theme_builder_area=\"post_content\" sticky_enabled=\"0\"]<p><span>Por M\u00f3nica Samantha M\u00e9ndez H.<br \/><span style=\"font-size: small;\">FOTOS: CORTES\u00cdA DEL GOBIERNO MUNICIPAL DE QUER\u00c9TARO<br \/><\/span><\/span><\/p>\n<p>La administraci\u00f3n de Felipe Fernando Mac\u00edas Olvera implement\u00f3 en 2025 un sistema de Transporte Comunitario Gratuito para atender las necesidades de movilidad de las comunidades m\u00e1s alejadas del municipio, dirigido a los habitantes de las delegaciones Santa Rosa J\u00e1uregui y Felipe Carrillo Puerto, quienes antes deb\u00edan esperar m\u00e1s de una hora por una unidad de transporte p\u00fablico para trasladarse al centro de Quer\u00e9taro o destinar entre 300 y 400 pesos diarios a viajes de taxi.<\/p>[\/et_pb_text][\/et_pb_column][\/et_pb_row][et_pb_row use_custom_gutter=\"on\" gutter_width=\"1\" _builder_version=\"4.16\" width_tablet=\"\" width_phone=\"87%\" width_last_edited=\"on|desktop\" module_alignment=\"center\" custom_padding=\"||0px|2px||\" global_colors_info=\"{}\" theme_builder_area=\"post_content\"][et_pb_column type=\"4_4\" _builder_version=\"4.16\" global_colors_info=\"{}\" theme_builder_area=\"post_content\"][et_pb_text _builder_version=\"4.27.4\" text_font=\"Roboto|300|||||||\" text_font_size=\"22px\" text_letter_spacing=\"1px\" text_line_height=\"1.8em\" header_text_align=\"center\" header_text_color=\"#628d3c\" header_font_size=\"64px\" header_2_font=\"Roboto|100|on||||||\" header_2_text_align=\"center\" z_index=\"57\" width=\"100%\" module_alignment=\"center\" custom_margin=\"0px||||false|false\" custom_padding=\"0px||0px|||\" hover_enabled=\"0\" text_font_size_tablet=\"\" text_font_size_phone=\"\" text_font_size_last_edited=\"on|phone\" header_font_size_tablet=\"33px\" header_font_size_phone=\"35px\" header_font_size_last_edited=\"on|phone\" header_2_font_size_tablet=\"\" header_2_font_size_phone=\"\" header_2_font_size_last_edited=\"on|desktop\" global_colors_info=\"{}\" theme_builder_area=\"post_content\" sticky_enabled=\"0\"]<p dir=\"ltr\">El Presidente Municipal, Mac\u00edas Olvera, destaca que el sistema propone una pol\u00edtica de ahorro familiar con impacto positivo: \"El sistema representa un ahorro acumulado de m\u00e1s de 82.6 millones de pesos (mdp) para las familias queretanas en este primer a\u00f1o de operaciones, es decir, entre 660 y 1,500 pesos al mes. Si necesitan trasladarse por temas de salud o por alg\u00fan tr\u00e1mite, les ofrecemos hacerlo de manera gratuita, sin inconvenientes y sin gastar un solo peso\".<\/p>\n<p dir=\"ltr\">A un a\u00f1o de la puesta en marcha, el sistema cuenta con 16 rutas comunitarias: siete en Felipe Carrillo Puerto y nueve en Santa Rosa J\u00e1uregui. En este periodo registra 1.4 millones de ascensos y beneficia a 55 mil personas en 37 comunidades y fraccionamientos, as\u00ed como a estudiantes y trabajadores de parques industriales.<\/p>\n<p dir=\"ltr\">El gobierno municipal destina m\u00e1s de 256 mdp para garantizar la operaci\u00f3n del sistema, de los cuales 48 mdp corresponden al presupuesto de 2026.<\/p>\n<p><strong>Modalidades de transporte<\/strong><\/p>\n<p dir=\"ltr\">El sistema de transporte municipal surgi\u00f3 ante la urgencia de hacer valer la movilidad como un derecho b\u00e1sico en condiciones de equidad. Actualmente cuenta con tres modalidades: Transporte Comunitario Gratuito, Transporte Escolar Gratuito y Transporte Nocturno Gratuito; la primera tiene una flotilla de 53 unidades, dividida en 26 autobuses y 27 urvans, que conectan a las comunidades m\u00e1s alejadas del centro en las delegaciones de Felipe Carrillo Puerto y Santa Rosa J\u00e1uregui.<\/p>[\/et_pb_text][\/et_pb_column][\/et_pb_row][et_pb_row _builder_version=\"4.16\" global_colors_info=\"{}\" theme_builder_area=\"post_content\"][et_pb_column type=\"4_4\" _builder_version=\"4.16\" global_colors_info=\"{}\" theme_builder_area=\"post_content\"][et_pb_image src=\"https:\/\/www.alcaldesdemexico.com\/revista\/wp-content\/uploads\/2026\/08\/2.fw_11zon-33-scaled.webp\" force_fullwidth=\"on\" _builder_version=\"4.27.4\" hover_enabled=\"0\" global_colors_info=\"{}\" theme_builder_area=\"post_content\" title_text=\"2.fw_11zon (33)\" sticky_enabled=\"0\"][\/et_pb_image][\/et_pb_column][\/et_pb_row][et_pb_row column_structure=\"2_3,1_3\" _builder_version=\"4.16\" global_colors_info=\"{}\" theme_builder_area=\"post_content\"][et_pb_column type=\"2_3\" _builder_version=\"4.16\" global_colors_info=\"{}\" theme_builder_area=\"post_content\"][et_pb_text _builder_version=\"4.27.4\" text_font=\"Roboto|300|||||||\" text_font_size=\"22px\" text_letter_spacing=\"1px\" text_line_height=\"1.8em\" header_text_align=\"center\" header_text_color=\"#628d3c\" header_font_size=\"64px\" header_2_font=\"Roboto|100|on||||||\" header_2_text_align=\"center\" z_index=\"57\" width=\"100%\" module_alignment=\"center\" custom_margin=\"0px||||false|false\" custom_padding=\"0px||0px|||\" hover_enabled=\"0\" text_font_size_tablet=\"\" text_font_size_phone=\"\" text_font_size_last_edited=\"on|phone\" header_font_size_tablet=\"33px\" header_font_size_phone=\"35px\" header_font_size_last_edited=\"on|phone\" header_2_font_size_tablet=\"\" header_2_font_size_phone=\"\" header_2_font_size_last_edited=\"on|desktop\" global_colors_info=\"{}\" theme_builder_area=\"post_content\" sticky_enabled=\"0\"]<p dir=\"ltr\">El Transporte Escolar Gratuito atiende a estudiantes de 76 centros educativos de nivel b\u00e1sico y superior que cumplen con criterios de elegibilidad, como la inscripci\u00f3n vigente al ciclo escolar. Actualmente opera 58 rutas con cobertura en instituciones como la Universidad Aut\u00f3noma de Quer\u00e9taro (UAQ) campus Juriquilla, la Universidad Tecnol\u00f3gica del Estado de Quer\u00e9taro (UTEQ), el Instituto Tecnol\u00f3gico de Quer\u00e9taro (ITQ), la Universidad Polit\u00e9cnica de Quer\u00e9taro, el Tec de Monterrey campus Quer\u00e9taro y la Universidad del Valle de M\u00e9xico plantel Quer\u00e9taro, entre otras.<\/p>\n<p dir=\"ltr\">El Transporte Nocturno Gratuito opera cuatro rutas, M214, M215, M216 y M217, de lunes a s\u00e1bado de 19:00 a 00:00 horas, con conexi\u00f3n a rutas troncales estatales como T01, T02, T04, T07 y T12, lo que garantiza traslados seguros para estudiantes y m\u00e1s de mil trabajadores.<\/p>\n<p dir=\"ltr\">El alcalde adelanta la incorporaci\u00f3n de un sistema el\u00e9ctrico gratuito en el Centro Hist\u00f3rico para mejorar la movilidad en el primer cuadro de la ciudad y reducir el impacto ambiental mediante flotillas el\u00e9ctricas. \"Este Transporte El\u00e9ctrico Gratuito se sumar\u00e1 a nuestros programas existentes y quien lo requiera lo podr\u00e1 utilizar; tendr\u00e1 una frecuencia de 15 minutos, habr\u00e1 14 unidades que recorrer\u00e1n los principales puntos del Centro Hist\u00f3rico, tendremos conexi\u00f3n con el sistema QroBus con puntos de transbordo y, sobre todo, en ciertos puntos como estacionamientos para que las personas puedan dejar su auto y tomar este nuevo transporte\", explica.<\/p>[\/et_pb_text][\/et_pb_column][et_pb_column type=\"1_3\" _builder_version=\"4.16\" background_color=\"#ffffff\" global_colors_info=\"{}\" theme_builder_area=\"post_content\"][et_pb_text ul_type=\"none\" ul_position=\"inside\" _builder_version=\"4.27.4\" text_font=\"Roboto|700|||||||\" text_text_color=\"#FFFFFF\" text_font_size=\"22px\" text_letter_spacing=\"1px\" text_line_height=\"1.8em\" ul_font=\"Roboto|500||on|||||\" ul_text_color=\"#97999b\" ol_font=\"Roboto|500|||||||\" ol_text_color=\"#e09900\" header_text_align=\"center\" header_text_color=\"#628d3c\" header_font_size=\"64px\" header_2_font=\"Roboto|100|on||||||\" header_2_text_align=\"center\" background_color=\"#f3cb51\" z_index=\"57\" width=\"100%\" module_alignment=\"center\" custom_margin=\"0px||||false|false\" custom_padding=\"25px|10px|25px|10px|false|false\" hover_enabled=\"0\" text_font_size_tablet=\"\" text_font_size_phone=\"\" text_font_size_last_edited=\"on|phone\" header_font_size_tablet=\"33px\" header_font_size_phone=\"35px\" header_font_size_last_edited=\"on|phone\" header_2_font_size_tablet=\"\" header_2_font_size_phone=\"\" header_2_font_size_last_edited=\"on|desktop\" border_color_all=\"#f15322\" global_colors_info=\"{}\" theme_builder_area=\"post_content\" sticky_enabled=\"0\"]<span style=\"color: #ed6944;\"><strong>\u2731 <\/strong><\/span><span style=\"font-weight: 400;\">Familias y trabajadores logran un ahorro mensual de entre 660 y 1,500 pesos con el transporte municipal gratuito<\/span>[\/et_pb_text][et_pb_text ul_type=\"none\" ul_position=\"inside\" _builder_version=\"4.27.4\" text_font=\"Roboto|700|||||||\" text_text_color=\"#FFFFFF\" text_font_size=\"22px\" text_letter_spacing=\"1px\" text_line_height=\"1.8em\" ul_font=\"Roboto|500||on|||||\" ul_text_color=\"#97999b\" ol_font=\"Roboto|500|||||||\" ol_text_color=\"#e09900\" header_text_align=\"center\" header_text_color=\"#628d3c\" header_font_size=\"64px\" header_2_font=\"Roboto|100|on||||||\" header_2_text_align=\"center\" background_color=\"#ed6944\" z_index=\"57\" width=\"100%\" module_alignment=\"center\" custom_margin=\"0px||||false|false\" custom_padding=\"25px|10px|25px|10px|false|false\" hover_enabled=\"0\" text_font_size_tablet=\"\" text_font_size_phone=\"\" text_font_size_last_edited=\"on|phone\" header_font_size_tablet=\"33px\" header_font_size_phone=\"35px\" header_font_size_last_edited=\"on|phone\" header_2_font_size_tablet=\"\" header_2_font_size_phone=\"\" header_2_font_size_last_edited=\"on|desktop\" border_color_all=\"#f15322\" global_colors_info=\"{}\" theme_builder_area=\"post_content\" sticky_enabled=\"0\"]<span style=\"color: #519f94;\"><strong>\u2731 <\/strong><\/span><span style=\"font-weight: 400;\">El Transporte Comunitario Gratuito es la red m\u00e1s robusta de 16 rutas al registrar 1.4 millones de ascensos en un a\u00f1o<\/span>[\/et_pb_text][et_pb_text ul_type=\"none\" ul_position=\"inside\" _builder_version=\"4.27.4\" text_font=\"Roboto|700|||||||\" text_text_color=\"#FFFFFF\" text_font_size=\"22px\" text_letter_spacing=\"1px\" text_line_height=\"1.8em\" ul_font=\"Roboto|500||on|||||\" ul_text_color=\"#97999b\" ol_font=\"Roboto|500|||||||\" ol_text_color=\"#e09900\" header_text_align=\"center\" header_text_color=\"#628d3c\" header_font_size=\"64px\" header_2_font=\"Roboto|100|on||||||\" header_2_text_align=\"center\" background_color=\"#169080\" z_index=\"57\" width=\"100%\" module_alignment=\"center\" custom_margin=\"0px||||false|false\" custom_padding=\"25px|10px|25px|10px|false|false\" hover_enabled=\"0\" text_font_size_tablet=\"\" text_font_size_phone=\"\" text_font_size_last_edited=\"on|phone\" header_font_size_tablet=\"33px\" header_font_size_phone=\"35px\" header_font_size_last_edited=\"on|phone\" header_2_font_size_tablet=\"\" header_2_font_size_phone=\"\" header_2_font_size_last_edited=\"on|desktop\" border_color_all=\"#f15322\" global_colors_info=\"{}\" theme_builder_area=\"post_content\" sticky_enabled=\"0\"]<span style=\"color: #e5c754;\"><strong>\u2731 <\/strong><\/span><span style=\"font-weight: 400;\">La inversi\u00f3n del sistema de transporte supera los 256 mdp; para este a\u00f1o los recursos suman 48 mdp<\/span>[\/et_pb_text][\/et_pb_column][\/et_pb_row][et_pb_row use_custom_gutter=\"on\" gutter_width=\"1\" _builder_version=\"4.16\" width_tablet=\"\" width_phone=\"87%\" width_last_edited=\"on|desktop\" module_alignment=\"center\" custom_padding=\"||0px|2px||\" global_colors_info=\"{}\" theme_builder_area=\"post_content\"][et_pb_column type=\"4_4\" _builder_version=\"4.16\" global_colors_info=\"{}\" theme_builder_area=\"post_content\"][et_pb_text _builder_version=\"4.27.4\" text_font=\"Roboto|900|||||||\" text_font_size=\"22px\" text_letter_spacing=\"1px\" text_line_height=\"1.8em\" header_font=\"Roboto||||||||\" header_text_align=\"center\" header_text_color=\"#808285\" header_font_size=\"42px\" header_2_font=\"Roboto|100|on||||||\" header_2_text_align=\"center\" header_3_font=\"Roboto|900|||||||\" header_3_text_align=\"center\" header_3_text_color=\"#a8a8a8\" header_3_font_size=\"33px\" z_index=\"57\" width=\"100%\" module_alignment=\"center\" custom_margin=\"0px||||false|false\" custom_padding=\"0px||0px|||\" hover_enabled=\"0\" text_font_size_tablet=\"\" text_font_size_phone=\"\" text_font_size_last_edited=\"on|phone\" header_font_size_tablet=\"24px\" header_font_size_phone=\"25px\" header_font_size_last_edited=\"on|desktop\" header_2_font_size_tablet=\"\" header_2_font_size_phone=\"\" header_2_font_size_last_edited=\"on|desktop\" global_colors_info=\"{}\" theme_builder_area=\"post_content\" sticky_enabled=\"0\"]<h3><span style=\"font-weight: 400;\"><span>\"Antes no exist\u00eda un modelo de transporte p\u00fablico gratuito en las comunidades m\u00e1s alejadas y ahora la gente est\u00e1 conectada con la capital.\"<br \/><\/span><\/span><\/h3>[\/et_pb_text][et_pb_team_member name=\"Felipe Fernando Mac\u00edas Olvera\" position=\"Presidente Municipal de Quer\u00e9taro, Qro.\" image_url=\"https:\/\/www.alcaldesdemexico.com\/revista\/wp-content\/uploads\/2026\/08\/3.fw_11zon-32.webp\" use_icon_font_size=\"on\" _builder_version=\"4.27.4\" _module_preset=\"default\" header_font=\"Roboto|300|||||||\" header_text_color=\"#a3a4a7\" header_font_size=\"20px\" position_font=\"Roboto||||||||\" position_text_color=\"#000000\" position_font_size=\"20px\" position_line_height=\"1.5em\" text_orientation=\"right\" hover_enabled=\"0\" header_font_size_tablet=\"18px\" header_font_size_phone=\"18px\" header_font_size_last_edited=\"on|tablet\" body_text_align_tablet=\"\" body_text_align_phone=\"center\" body_text_align_last_edited=\"on|desktop\" body_font_size_phone=\"1px\" body_font_size_last_edited=\"off|phone\" position_font_size_tablet=\"18px\" position_font_size_phone=\"17px\" position_font_size_last_edited=\"on|desktop\" custom_css_main_element=\"display: flex;||flex-direction: row-reverse;||align-items: center;||gap: 30px;||margin-bottom: 0px !important;||display: flex;||flex-direction: row-reverse;||align-items: flex-end; \/* Esta es la l\u00ednea que cambia todo hacia abajo *\/||gap: 30px;||padding-bottom: 0px !important;||margin-bottom: 0px !important;||display: flex;||flex-direction: row-reverse;||align-items: flex-end;\" custom_css_member_image=\"width: 150px !important; ||margin-bottom: 0px !important;||margin-left: 20px !important;\" global_colors_info=\"{}\" custom_css_main_element_last_edited=\"on|phone\" custom_css_main_element_phone=\"width: 150px !important;||margin: 0 auto 20px auto !important;\" custom_css_main_element_tablet=\"display: flex;||flex-direction: row-reverse;||align-items: center;||gap: 30px;||margin-bottom: 0px !important;||display: flex;||flex-direction: row-reverse;||align-items: flex-end; \/* Esta es la l\u00ednea que cambia todo hacia abajo *\/||gap: 30px;||padding-bottom: 0px !important;||margin-bottom: 0px !important;||display: flex;||flex-direction: row-reverse;||align-items: flex-end;\" custom_css_member_image_last_edited=\"on|phone\" custom_css_member_image_phone=\"br\" custom_css_member_image_tablet=\"width: 150px !important; ||margin-bottom: 0px !important;||margin-left: 20px !important;\" theme_builder_area=\"post_content\" sticky_enabled=\"0\" title_text=\"3.fw_11zon (32)\"][\/et_pb_team_member][\/et_pb_column][\/et_pb_row][et_pb_row use_custom_gutter=\"on\" gutter_width=\"1\" _builder_version=\"4.16\" width_tablet=\"\" width_phone=\"87%\" width_last_edited=\"on|desktop\" module_alignment=\"center\" custom_padding=\"||0px|2px||\" global_colors_info=\"{}\" theme_builder_area=\"post_content\"][et_pb_column type=\"4_4\" _builder_version=\"4.16\" global_colors_info=\"{}\" theme_builder_area=\"post_content\"][et_pb_text _builder_version=\"4.27.4\" text_font=\"Roboto|300|||||||\" text_font_size=\"22px\" text_letter_spacing=\"1px\" text_line_height=\"1.8em\" header_text_align=\"center\" header_text_color=\"#628d3c\" header_font_size=\"64px\" header_2_font=\"Roboto|100|on||||||\" header_2_text_align=\"center\" z_index=\"57\" width=\"100%\" module_alignment=\"center\" custom_margin=\"0px||||false|false\" custom_padding=\"0px||0px|||\" hover_enabled=\"0\" text_font_size_tablet=\"\" text_font_size_phone=\"\" text_font_size_last_edited=\"on|phone\" header_font_size_tablet=\"33px\" header_font_size_phone=\"35px\" header_font_size_last_edited=\"on|phone\" header_2_font_size_tablet=\"\" header_2_font_size_phone=\"\" header_2_font_size_last_edited=\"on|desktop\" global_colors_info=\"{}\" theme_builder_area=\"post_content\" sticky_enabled=\"0\"]<p>El municipio tambi\u00e9n integrar\u00e1 una red de QroBici con 215 bicicletas el\u00e9ctricas, 350 bicicletas mec\u00e1nicas y 50 cicloestaciones, vinculadas a la aplicaci\u00f3n QroBus.<\/p>\n<p><strong>Flotilla moderna<\/strong><\/p>\n<p dir=\"ltr\">El sistema opera con 122 autobuses y 47 urvans equipados con c\u00e1maras interiores y exteriores, conectadas a un centro de monitoreo en tiempo real que permite evaluar el desempe\u00f1o del servicio y realizar ajustes conforme a la demanda ciudadana. Este esquema se complementa con supervisiones en campo para verificar frecuencias y tiempos de recorrido.<\/p>\n<p dir=\"ltr\">El ayuntamiento desarroll\u00f3 la plataforma Bus Municipal para el registro en l\u00ednea de usuarios y formaliz\u00f3 una alianza con la Agencia de Movilidad estatal para ofrecer transbordos gratuitos mediante el sistema de validaci\u00f3n de tarjetas QroBus.<\/p>\n<p dir=\"ltr\">El nivel de uso diario funciona como principal indicador de desempe\u00f1o. En este contexto, el Transporte Comunitario destaca como la modalidad m\u00e1s robusta al movilizar a m\u00e1s de 6 mil personas al d\u00eda.<\/p>\n<p dir=\"ltr\">El equipo t\u00e9cnico defini\u00f3 rutas, cobertura y horarios mediante estudios de demanda social y an\u00e1lisis territorial, con prioridad en zonas con acceso limitado al transporte convencional. Para el dise\u00f1o de recorridos, el municipio utiliz\u00f3 datos hist\u00f3ricos de movilidad y herramientas digitales como Waze for Cities.<\/p>\n<p dir=\"ltr\">En el caso del Transporte Escolar Gratuito, el sistema registra 2,600 nuevos usuarios y atiende de forma permanente a m\u00e1s de 3,050 estudiantes, entre ellos 207 del servicio universitario y 255 del servicio domiciliario. Cada ruta escolar lleva un asistente a bordo, que brinda apoyo, revisa el orden y cuida de los j\u00f3venes pasajeros.<\/p>\n<p dir=\"ltr\">Adem\u00e1s, el Transporte Nocturno beneficia a cerca de mil personas cada noche. Cabe mencionar que todos los operadores de las unidades reciben capacitaci\u00f3n constante para desempe\u00f1ar su labor de forma eficiente.<\/p>\n<p dir=\"ltr\">La red acumula m\u00e1s de 5.1 millones de viajes sin costo y reporta un avance del 23 por ciento en su capacidad operativa, de acuerdo con la Matriz de Indicadores de Resultados (MIR) del Sistema de Evaluaci\u00f3n de Desempe\u00f1o, que el gobierno municipal actualiza cada trimestre.<\/p>\n<p><strong>Retos de movilidad<\/strong><\/p>\n<p dir=\"ltr\">El principal reto del modelo consiste en ampliar la cobertura hacia todas las comunidades del municipio. Para lograrlo, la administraci\u00f3n local realiza recorridos de socializaci\u00f3n y difunde informaci\u00f3n en medios de comunicaci\u00f3n y redes sociales para acercar a la ciudadan\u00eda a la Secretar\u00eda de Movilidad, conocer sus necesidades y atender las inquietudes relacionadas con el transporte y la movilidad en sus colonias.<\/p>\n<p dir=\"ltr\">Mac\u00edas Olvera destaca la coordinaci\u00f3n institucional, comunicaci\u00f3n, colaboraci\u00f3n y solicitudes del gobierno estatal: \"Nos han solicitado estar muy atentos a las necesidades de la poblaci\u00f3n y no dejar a las personas sin la atenci\u00f3n que requieren, con esa cercan\u00eda y empat\u00eda que a las administraciones estatal y municipal nos corresponde para crear juntos el Quer\u00e9taro del futuro\".<\/p>\n<p dir=\"ltr\">El alcalde subraya que la movilidad representa un eje clave para el desarrollo urbano, ya que facilita el acceso de ni\u00f1os y j\u00f3venes a sus centros educativos y contribuye a reducir la deserci\u00f3n escolar. Tambi\u00e9n destaca el impacto econ\u00f3mico del programa, al mitigar el gasto familiar en transporte y evitar el uso de taxis o m\u00faltiples transbordos.<\/p>\n<p dir=\"ltr\">Para el Presidente Municipal la movilidad tambi\u00e9n es una herramienta para reducir desigualdades y generar oportunidades de desarrollo de forma equitativa: \"Es prioridad de un municipio brindar estos apoyos sociales en cuanto a movilidad se refiere, por el simple hecho de aportar en las condiciones de vida, que exista una cultura de paz, en donde tambi\u00e9n estos espacios sean confiables y seguros, que la gente se sienta c\u00f3moda y tranquila de que sus traslados ser\u00e1n de la mejor manera posible\", concluye.<\/p>[\/et_pb_text][\/et_pb_column][\/et_pb_row][\/et_pb_section]\n","protected":false},"excerpt":{"rendered":"<p>El sistema de transporte municipal gratuito mejora la movilidad y beneficia a sectores prioritarios de la poblaci\u00f3n<\/p>\n","protected":false},"author":3,"featured_media":49365,"comment_status":"open","ping_status":"open","sticky":false,"template":"","format":"standard","meta":{"_et_pb_use_builder":"on","_et_pb_old_content":"","_et_gb_content_width":"2880","footnotes":""},"categories":[23,1603,1602],"tags":[],"class_list":["post-49362","post","type-post","status-publish","format-standard","has-post-thumbnail","hentry","category-alcaldes-de-mexico","category-aniversario-2026","category-septiembre-2026"],"aioseo_notices":[],"_links":{"self":[{"href":"https:\/\/www.alcaldesdemexico.com\/revista\/wp-json\/wp\/v2\/posts\/49362","targetHints":{"allow":["GET"]}}],"collection":[{"href":"https:\/\/www.alcaldesdemexico.com\/revista\/wp-json\/wp\/v2\/posts"}],"about":[{"href":"https:\/\/www.alcaldesdemexico.com\/revista\/wp-json\/wp\/v2\/types\/post"}],"author":[{"embeddable":true,"href":"https:\/\/www.alcaldesdemexico.com\/revista\/wp-json\/wp\/v2\/users\/3"}],"replies":[{"embeddable":true,"href":"https:\/\/www.alcaldesdemexico.com\/revista\/wp-json\/wp\/v2\/comments?post=49362"}],"version-history":[{"count":3,"href":"https:\/\/www.alcaldesdemexico.com\/revista\/wp-json\/wp\/v2\/posts\/49362\/revisions"}],"predecessor-version":[{"id":49370,"href":"https:\/\/www.alcaldesdemexico.com\/revista\/wp-json\/wp\/v2\/posts\/49362\/revisions\/49370"}],"wp:featuredmedia":[{"embeddable":true,"href":"https:\/\/www.alcaldesdemexico.com\/revista\/wp-json\/wp\/v2\/media\/49365"}],"wp:attachment":[{"href":"https:\/\/www.alcaldesdemexico.com\/revista\/wp-json\/wp\/v2\/media?parent=49362"}],"wp:term":[{"taxonomy":"category","embeddable":true,"href":"https:\/\/www.alcaldesdemexico.com\/revista\/wp-json\/wp\/v2\/categories?post=49362"},{"taxonomy":"post_tag","embeddable":true,"href":"https:\/\/www.alcaldesdemexico.com\/revista\/wp-json\/wp\/v2\/tags?post=49362"}],"curies":[{"name":"wp","href":"https:\/\/api.w.org\/{rel}","templated":true}]}}