{"id":9382,"date":"2021-03-31T13:25:05","date_gmt":"2021-03-31T13:25:05","guid":{"rendered":"https:\/\/www.alcaldesdemexico.com\/revista\/?p=9382"},"modified":"2021-07-05T18:46:37","modified_gmt":"2021-07-05T18:46:37","slug":"articuladores-e-impulsores-del-crecimiento-economico","status":"publish","type":"post","link":"https:\/\/www.alcaldesdemexico.com\/revista\/finanzas\/articuladores-e-impulsores-del-crecimiento-economico\/","title":{"rendered":"Articuladores e impulsores del crecimiento econ\u00f3mico"},"content":{"rendered":"\n\n[et_pb_section fb_built=\"1\" _builder_version=\"4.4.2\" width=\"81%\" width_tablet=\"\" width_phone=\"100%\" width_last_edited=\"on|phone\" max_width=\"98%\" module_alignment=\"center\"][et_pb_row _builder_version=\"4.4.2\"][et_pb_column type=\"4_4\" _builder_version=\"4.4.2\"][et_pb_code _builder_version=\"4.4.2\"]<script type=\"text\/javascript\"><!-- [et_pb_line_break_holder] -->\t(function($){<!-- [et_pb_line_break_holder] -->\t$(document).ready(function() {<!-- [et_pb_line_break_holder] -->\t  $( '#videopopup a' ).addClass('popup-video');<!-- [et_pb_line_break_holder] -->\t    $('.popup-video').magnificPopup({<!-- [et_pb_line_break_holder] -->\t        disableOn: 100,<!-- [et_pb_line_break_holder] -->\t        type: 'iframe',<!-- [et_pb_line_break_holder] -->\t        mainClass: 'mfp-fade',<!-- [et_pb_line_break_holder] -->\t        removalDelay: 160,<!-- [et_pb_line_break_holder] -->\t        preloader: false,<!-- [et_pb_line_break_holder] -->\t        fixedContentPos: false<!-- [et_pb_line_break_holder] -->\t    });<!-- [et_pb_line_break_holder] -->\t});<!-- [et_pb_line_break_holder] -->\t})(jQuery)<!-- [et_pb_line_break_holder] --><\/script>[\/et_pb_code][\/et_pb_column][\/et_pb_row][et_pb_row column_structure=\"1_2,1_2\" use_custom_gutter=\"on\" make_equal=\"on\" _builder_version=\"4.4.2\" background_color=\"#e09900\" width=\"100%\" width_tablet=\"\" width_phone=\"100%\" width_last_edited=\"on|desktop\" max_width=\"2560px\" max_width_tablet=\"\" max_width_phone=\"\" max_width_last_edited=\"on|phone\" background_last_edited=\"on|desktop\" saved_tabs=\"all\"][et_pb_column type=\"1_2\" _builder_version=\"4.4.2\" background_color=\"rgba(0,0,0,0)\"][et_pb_text content_last_edited=\"off|desktop\" _builder_version=\"4.4.2\" header_font_size=\"32px\" header_2_font_size=\"24px\"]<h2 style=\"text-align: center;\"><span><span style=\"color: #ffffff;\">De <strong>Estados<\/strong><\/span><\/span><\/h2>[\/et_pb_text][\/et_pb_column][et_pb_column type=\"1_2\" _builder_version=\"4.0.2\"][et_pb_text _builder_version=\"4.4.2\" text_font=\"|700|||||||\" text_text_color=\"#909e5a\" text_font_size=\"17px\" background_color=\"#d9d9d9\"]<p style=\"text-align: center;\"><span style=\"color: #ff9900;\"><strong><span>\u25ba <span class=\"fontstyle0\">Secretarios<\/span> <br \/> <\/span><\/strong><\/span><\/p>[\/et_pb_text][\/et_pb_column][\/et_pb_row][et_pb_row make_equal=\"on\" _builder_version=\"4.4.2\" width=\"100%\" width_tablet=\"\" width_phone=\"\" width_last_edited=\"on|desktop\" max_width=\"1996px\" module_alignment=\"center\" custom_margin=\"|||118px|false|false\" custom_padding=\"||27px||false|false\"][et_pb_column type=\"4_4\" _builder_version=\"4.4.2\"][et_pb_text _builder_version=\"4.4.2\" header_text_align=\"center\" header_text_color=\"#0097ce\" header_font_size=\"52px\" header_2_font=\"Roboto|100|on||||||\" header_2_text_align=\"center\" header_2_font_size=\"21px\" custom_padding=\"||83px|||\" hover_enabled=\"0\" header_font_size_tablet=\"33px\" header_font_size_phone=\"35px\" header_font_size_last_edited=\"on|phone\" header_2_font_size_tablet=\"\" header_2_font_size_phone=\"\" header_2_font_size_last_edited=\"on|desktop\"]<h1><span><strong>Articuladores e impulsores del crecimiento econ\u00f3mico<br \/> <\/strong><\/span><\/h1>\n<p><em><\/em><\/p>\n<p><em><\/em><\/p>\n<h2 style=\"text-align: center;\">En los \u00faltimos meses, los secretarios de desarrollo econ\u00f3mico estatales se han convertido en piezas clave para vincular a empresas y negocios de todos los tama\u00f1os con los ciudadanos, con el fin de reactivar la econom\u00eda local<\/h2>\n<p>&nbsp;<\/p>\n[\/et_pb_text][\/et_pb_column][\/et_pb_row][et_pb_row _builder_version=\"4.4.2\"][et_pb_column type=\"4_4\" _builder_version=\"4.4.2\"][et_pb_text _builder_version=\"4.4.2\" text_font=\"Roboto|300|||||||\" text_font_size=\"20px\" text_letter_spacing=\"1px\" text_line_height=\"1.8em\" header_text_align=\"center\" header_text_color=\"#628d3c\" header_font_size=\"64px\" header_2_font=\"Roboto|100|on||||||\" header_2_text_align=\"center\" z_index=\"57\" width=\"100%\" module_alignment=\"center\" custom_margin=\"0px||||false|false\" custom_padding=\"0px||0px|||\" hover_enabled=\"0\" text_font_size_tablet=\"\" text_font_size_phone=\"\" text_font_size_last_edited=\"on|phone\" header_font_size_tablet=\"33px\" header_font_size_phone=\"35px\" header_font_size_last_edited=\"on|phone\" header_2_font_size_tablet=\"\" header_2_font_size_phone=\"\" header_2_font_size_last_edited=\"on|desktop\"]<p>\u25baPor David Galicia S\u00e1nchez<\/p>\n<p>En el panorama actual, en el que la crisis ocasionada por la pandemia de Covid-19 ha golpeado a las econom\u00edas locales, las micro, peque\u00f1as y medianas empresas, as\u00ed como los emprendedores locales, han sido una pieza clave para reactivar el desarrollo en los estados.<\/p>\n<p>Ante esa situaci\u00f3n, los secretarios de desarrollo econ\u00f3mico se han convertido en articuladores de estrategias que, mediante el apoyo de los gobiernos de las entidades, impulsan los productos y servicios que generan los negocios; asimismo, han llevado a cabo programas de formaci\u00f3n y desarrollo de habilidades en el trabajo para los ciudadanos, entre otras acciones.<\/p>\n<p>Carlos Alberto Garc\u00eda Gonz\u00e1lez, Secretario de Desarrollo Econ\u00f3mico de Tamaulipas, coincide en que, ante el panorama retador que los estados del pa\u00eds enfrentan, los funcionarios encargados de impulsar el crecimiento econ\u00f3mico en las entidades, han adquirido una gran relevancia.<\/p>\n<p>\u201cLa figura de los secretarios de desarrollo econ\u00f3mico es de suma importancia para la gesti\u00f3n de los grandes cambios, sobre todo ante las pol\u00edticas p\u00fablicas federales en la materia, esto lo digo, por ejemplo, ante la desaparici\u00f3n de las delegaciones federales de la Secretar\u00eda de Econom\u00eda, ahora las secretar\u00edas de econom\u00eda estatales somos la principal ventanilla de atenci\u00f3n a empresarios y emprendedores\u201d, apunta.<\/p>\n<p>El funcionario asegura que el trabajo coordinado entre secretarios de desarrollo econ\u00f3mico es posible, una muestra de ello es la labor que se realiza a trav\u00e9s de la Asociaci\u00f3n Mexicana de Secretarios de Desarrollo Econ\u00f3mico (AMSDE), cuya finalidad es ayudar, desde las entidades federativas, al de la actividad empresarial, por medio de la implementaci\u00f3n y fomento de pol\u00edticas p\u00fablicas, el trabajo coordinado y el intercambio de las mejores pr\u00e1cticas locales para contribuir al desarrollo econ\u00f3mico regional.<\/p>\n<p>Asimismo, refiere el caso de la Alianza Federalista, conformada por los gobernadores de Aguascalientes, Chihuahua, Coahuila, Colima, Durango, Guanajuato, Jalisco, Michoac\u00e1n, Nuevo Le\u00f3n y Tamaulipas.<\/p>\n<p>\u201cRecientemente, nos reunimos los secretarios de desarrollo econ\u00f3mico de los 10 estados que conforman esta alianza y lanzamos la plataforma digital Invest in Mx que, como lo dije en la rueda de prensa, no est\u00e1 limitada a estos 10 estados, los otros 22 est\u00e1n invitados; al final tenemos que estar todos juntos porque lo que estamos promoviendo es la marca de M\u00e9xico\u201d, concluye.<\/p>\n[\/et_pb_text][\/et_pb_column][\/et_pb_row][et_pb_row _builder_version=\"4.4.2\"][et_pb_column type=\"4_4\" _builder_version=\"4.4.2\"][et_pb_image src=\"https:\/\/www.alcaldesdemexico.com\/revista\/wp-content\/uploads\/2021\/03\/secretarios-1.fw_.png\" _builder_version=\"4.4.2\" scroll_vertical_motion_enable=\"on\" scroll_vertical_motion=\"0|50|84|100|50|0|0\" motion_trigger_start=\"top\" hover_enabled=\"0\"][\/et_pb_image][et_pb_image src=\"https:\/\/www.alcaldesdemexico.com\/revista\/wp-content\/uploads\/2021\/03\/secretarios-2.fw_.png\" _builder_version=\"4.4.2\" scroll_vertical_motion_enable=\"on\" scroll_vertical_motion=\"0|50|84|100|50|0|0\" motion_trigger_start=\"top\" hover_enabled=\"0\"][\/et_pb_image][et_pb_image src=\"https:\/\/www.alcaldesdemexico.com\/revista\/wp-content\/uploads\/2021\/03\/secretarios-3.fw_.png\" _builder_version=\"4.4.2\" scroll_vertical_motion_enable=\"on\" scroll_vertical_motion=\"0|50|84|100|50|0|0\" motion_trigger_start=\"top\" hover_enabled=\"0\"][\/et_pb_image][et_pb_image src=\"https:\/\/www.alcaldesdemexico.com\/revista\/wp-content\/uploads\/2021\/03\/secretarios-4.fw_.png\" _builder_version=\"4.4.2\" scroll_vertical_motion_enable=\"on\" scroll_vertical_motion=\"0|50|84|100|50|0|0\" motion_trigger_start=\"top\" hover_enabled=\"0\"][\/et_pb_image][et_pb_image src=\"https:\/\/www.alcaldesdemexico.com\/revista\/wp-content\/uploads\/2021\/03\/secretarios-5.fw_.png\" _builder_version=\"4.4.2\" scroll_vertical_motion_enable=\"on\" scroll_vertical_motion=\"0|50|84|100|50|0|0\" motion_trigger_start=\"top\" hover_enabled=\"0\"][\/et_pb_image][et_pb_image src=\"https:\/\/www.alcaldesdemexico.com\/revista\/wp-content\/uploads\/2021\/03\/secretarios-6.fw_.png\" _builder_version=\"4.4.2\" scroll_vertical_motion_enable=\"on\" scroll_vertical_motion=\"0|50|84|100|50|0|0\" motion_trigger_start=\"top\" hover_enabled=\"0\"][\/et_pb_image][et_pb_image src=\"https:\/\/www.alcaldesdemexico.com\/revista\/wp-content\/uploads\/2021\/03\/secretarios-7.fw_.png\" _builder_version=\"4.4.2\" scroll_vertical_motion_enable=\"on\" scroll_vertical_motion=\"0|50|84|100|50|0|0\" motion_trigger_start=\"top\" hover_enabled=\"0\"][\/et_pb_image][et_pb_image src=\"https:\/\/www.alcaldesdemexico.com\/revista\/wp-content\/uploads\/2021\/03\/secretarios-8.fw_.png\" _builder_version=\"4.4.2\" scroll_vertical_motion_enable=\"on\" scroll_vertical_motion=\"0|50|84|100|50|0|0\" motion_trigger_start=\"top\" hover_enabled=\"0\"][\/et_pb_image][et_pb_image src=\"https:\/\/www.alcaldesdemexico.com\/revista\/wp-content\/uploads\/2021\/03\/secretarios-9.fw_.png\" _builder_version=\"4.4.2\" scroll_vertical_motion_enable=\"on\" scroll_vertical_motion=\"0|50|84|100|50|0|0\" motion_trigger_start=\"top\" hover_enabled=\"0\"][\/et_pb_image][et_pb_image src=\"https:\/\/www.alcaldesdemexico.com\/revista\/wp-content\/uploads\/2021\/03\/secretarios-10.fw_.png\" _builder_version=\"4.4.2\" scroll_vertical_motion_enable=\"on\" scroll_vertical_motion=\"0|50|84|100|50|0|0\" motion_trigger_start=\"top\" hover_enabled=\"0\"][\/et_pb_image][et_pb_image src=\"https:\/\/www.alcaldesdemexico.com\/revista\/wp-content\/uploads\/2021\/03\/secretarios-11.fw_.png\" _builder_version=\"4.4.2\" width=\"77%\" max_width=\"77%\" module_alignment=\"center\" scroll_vertical_motion_enable=\"on\" scroll_vertical_motion=\"0|50|84|100|50|0|0\" motion_trigger_start=\"top\" hover_enabled=\"0\"][\/et_pb_image][\/et_pb_column][\/et_pb_row][\/et_pb_section]\n\n","protected":false},"excerpt":{"rendered":"<p>De Estados\u25ba Secretarios Articuladores e impulsores del crecimiento econ\u00f3mico En los \u00faltimos meses, los secretarios de desarrollo econ\u00f3mico estatales se han convertido en piezas clave para vincular a empresas y negocios de todos los tama\u00f1os con los ciudadanos, con el fin de reactivar la econom\u00eda local &nbsp; \u25baPor David Galicia S\u00e1nchez En el panorama actual, [&hellip;]<\/p>\n","protected":false},"author":3,"featured_media":9001,"comment_status":"open","ping_status":"open","sticky":false,"template":"","format":"standard","meta":{"_et_pb_use_builder":"on","_et_pb_old_content":"","_et_gb_content_width":"1080","footnotes":""},"categories":[53],"tags":[],"class_list":["post-9382","post","type-post","status-publish","format-standard","has-post-thumbnail","hentry","category-finanzas"],"aioseo_notices":[],"_links":{"self":[{"href":"https:\/\/www.alcaldesdemexico.com\/revista\/wp-json\/wp\/v2\/posts\/9382","targetHints":{"allow":["GET"]}}],"collection":[{"href":"https:\/\/www.alcaldesdemexico.com\/revista\/wp-json\/wp\/v2\/posts"}],"about":[{"href":"https:\/\/www.alcaldesdemexico.com\/revista\/wp-json\/wp\/v2\/types\/post"}],"author":[{"embeddable":true,"href":"https:\/\/www.alcaldesdemexico.com\/revista\/wp-json\/wp\/v2\/users\/3"}],"replies":[{"embeddable":true,"href":"https:\/\/www.alcaldesdemexico.com\/revista\/wp-json\/wp\/v2\/comments?post=9382"}],"version-history":[{"count":3,"href":"https:\/\/www.alcaldesdemexico.com\/revista\/wp-json\/wp\/v2\/posts\/9382\/revisions"}],"predecessor-version":[{"id":9398,"href":"https:\/\/www.alcaldesdemexico.com\/revista\/wp-json\/wp\/v2\/posts\/9382\/revisions\/9398"}],"wp:featuredmedia":[{"embeddable":true,"href":"https:\/\/www.alcaldesdemexico.com\/revista\/wp-json\/wp\/v2\/media\/9001"}],"wp:attachment":[{"href":"https:\/\/www.alcaldesdemexico.com\/revista\/wp-json\/wp\/v2\/media?parent=9382"}],"wp:term":[{"taxonomy":"category","embeddable":true,"href":"https:\/\/www.alcaldesdemexico.com\/revista\/wp-json\/wp\/v2\/categories?post=9382"},{"taxonomy":"post_tag","embeddable":true,"href":"https:\/\/www.alcaldesdemexico.com\/revista\/wp-json\/wp\/v2\/tags?post=9382"}],"curies":[{"name":"wp","href":"https:\/\/api.w.org\/{rel}","templated":true}]}}